{"id":50291,"date":"2022-09-08T17:15:41","date_gmt":"2022-09-08T22:15:41","guid":{"rendered":"https:\/\/interaccionnoticias.com.mx\/?p=50291"},"modified":"2022-09-08T17:15:45","modified_gmt":"2022-09-08T22:15:45","slug":"maestros-y-padres-de-familia-de-la-secundaria-de-ayutla-exigen-el-pago-de-salarios-a-docentes","status":"publish","type":"post","link":"https:\/\/www.interaccionnoticias.com.mx\/?p=50291","title":{"rendered":"Maestros y padres de familia de la secundaria de Ayutla exigen el pago de salarios a docentes"},"content":{"rendered":"\n<p><strong>Rosario Garc\u00eda Orozco<\/strong><\/p>\n\n\n\n<p><strong>Chilpancingo, Gro., 8 de septiembre del 2022.-<\/strong> Maestros y padres de familia de la Escuela Secundaria General Plan de Ayutla, ubicada en el municipio de Ayutla de los Libres, en la regi\u00f3n de la Costa Chica del estado, protestaron al exterior de las oficinas de la Direcci\u00f3n General de Administraci\u00f3n de Personal de la Secretar\u00eda de Educaci\u00f3n Guerrero (SEG), para exigir el pago de salarios a docentes.<\/p>\n\n\n\n<p>Los manifestantes exigieron a las autoridades educativas, el pago de 102 horas para 12 docentes que trabajan en este plantel educativo.<\/p>\n\n\n\n<p>Dijeron que la SEG les adeuda desde hace nueve a\u00f1os sus salarios, a los maestros que han cumplido con sus jornadas laborales, horas que se han ido acumulando y las autoridades no han pagado a los educandos.<\/p>\n\n\n\n<p>Insistieron en que permanecer\u00e1n en la protesta y tomar\u00e1n las oficinas de la Direccion General de Administraci\u00f3n de Personal de la SEG hasta que les resuelvan su demanda laboral.<\/p>\n\n\n\n<p>del mismo modo, exigieron la designaci\u00f3n de un maestro para impartir la materia de qu\u00edmica, ya que desde hace tres a\u00f1os el plantel educativo lo ha estado solicitando, porque ese espacio qued\u00f3 vacante debido a que el profesor que impart\u00eda la materia ya fue jubilado y no se ha repuesto ese recurso.<\/p>\n\n\n\n<p>Dijeron que en caso de ser necesario arribar\u00e1n a la capital m\u00e1s padres de familia para continuar con la movilizaci\u00f3n y llegar\u00e1n hasta el paro de labores en esa escuela, aunque reconocieron que se afectar\u00eda a los 640 estudiantes.<\/p>\n","protected":false},"excerpt":{"rendered":"<p>Rosario Garc\u00eda Orozco Chilpancingo, Gro., 8 de septiembre del 2022.- Maestros y padres de familia de la Escuela Secundaria General Plan de Ayutla, ubicada en el municipio de Ayutla de&hellip; <\/p>\n","protected":false},"author":14,"featured_media":50292,"comment_status":"open","ping_status":"open","sticky":false,"template":"","format":"standard","meta":{"fifu_image_url":"","fifu_image_alt":"","footnotes":""},"categories":[6],"tags":[],"class_list":["post-50291","post","type-post","status-publish","format-standard","has-post-thumbnail","hentry","category-educacion"],"_links":{"self":[{"href":"https:\/\/www.interaccionnoticias.com.mx\/index.php?rest_route=\/wp\/v2\/posts\/50291","targetHints":{"allow":["GET"]}}],"collection":[{"href":"https:\/\/www.interaccionnoticias.com.mx\/index.php?rest_route=\/wp\/v2\/posts"}],"about":[{"href":"https:\/\/www.interaccionnoticias.com.mx\/index.php?rest_route=\/wp\/v2\/types\/post"}],"author":[{"embeddable":true,"href":"https:\/\/www.interaccionnoticias.com.mx\/index.php?rest_route=\/wp\/v2\/users\/14"}],"replies":[{"embeddable":true,"href":"https:\/\/www.interaccionnoticias.com.mx\/index.php?rest_route=%2Fwp%2Fv2%2Fcomments&post=50291"}],"version-history":[{"count":1,"href":"https:\/\/www.interaccionnoticias.com.mx\/index.php?rest_route=\/wp\/v2\/posts\/50291\/revisions"}],"predecessor-version":[{"id":50293,"href":"https:\/\/www.interaccionnoticias.com.mx\/index.php?rest_route=\/wp\/v2\/posts\/50291\/revisions\/50293"}],"wp:featuredmedia":[{"embeddable":true,"href":"https:\/\/www.interaccionnoticias.com.mx\/index.php?rest_route=\/wp\/v2\/media\/50292"}],"wp:attachment":[{"href":"https:\/\/www.interaccionnoticias.com.mx\/index.php?rest_route=%2Fwp%2Fv2%2Fmedia&parent=50291"}],"wp:term":[{"taxonomy":"category","embeddable":true,"href":"https:\/\/www.interaccionnoticias.com.mx\/index.php?rest_route=%2Fwp%2Fv2%2Fcategories&post=50291"},{"taxonomy":"post_tag","embeddable":true,"href":"https:\/\/www.interaccionnoticias.com.mx\/index.php?rest_route=%2Fwp%2Fv2%2Ftags&post=50291"}],"curies":[{"name":"wp","href":"https:\/\/api.w.org\/{rel}","templated":true}]}}