{"id":50280,"date":"2022-09-08T16:52:40","date_gmt":"2022-09-08T21:52:40","guid":{"rendered":"https:\/\/interaccionnoticias.com.mx\/?p=50280"},"modified":"2022-09-08T16:52:45","modified_gmt":"2022-09-08T21:52:45","slug":"yoloczin-dominguez-nueva-lider-del-congreso-de-guerrero","status":"publish","type":"post","link":"https:\/\/www.interaccionnoticias.com.mx\/?p=50280","title":{"rendered":"Yoloczin Dom\u00ednguez, nueva l\u00edder del Congreso de Guerrero"},"content":{"rendered":"\n<p><strong><em>&#8212; Rinde protesta ante el Pleno, tras asumir la coordinaci\u00f3n parlamentaria de Morena<\/em><\/strong><\/p>\n\n\n\n<p><strong>Rogelio Agust\u00edn<\/strong><\/p>\n\n\n\n<p>La diputada Yoloczin Dom\u00ednguez Serna asumi\u00f3 la coordinaci\u00f3n de la fracci\u00f3n parlamentaria de Morena en el Congreso local, por lo que inmediatamente rindi\u00f3 protesta como titular de la Junta de Coordinaci\u00f3n Pol\u00edtica (Jucopo), cargo que durante m\u00e1s de un a\u00f1o ocup\u00f3 su compa\u00f1ero Alfredo S\u00e1nchez Esquivel.<\/p>\n\n\n\n<p>El acto protocolario se desarroll\u00f3 despu\u00e9s de las 15:30 horas del jueves 8 de septiembre, luego de que la Mesa Directiva diera cuenta del oficio presentado por el diputado S\u00e1nchez Esquivel, en el que da a conocer el acuerdo con el que Dom\u00ednguez Serna lo releva en la coordinaci\u00f3n de la bancada de Morena, la m\u00e1s numerosa de la 63 Legislatura local.<\/p>\n\n\n\n<p>El documento presentado por S\u00e1nchez Esquivel fue le\u00eddo por el secretario de la Mesa Directiva, Ricardo Astudillo Calvo, en \u00e9l, se anota que el relevo en la bancada de Morena es producto de un acuerdo entre los diputados de dicho instituto pol\u00edtico.<\/p>\n\n\n\n<p>\u201cSe lo comunico, para que en la pr\u00f3xima sesi\u00f3n se proceda a la toma de protesta a la compa\u00f1era diputada, Yoloczin Dom\u00ednguez como presidenta de la Junta de Coordinaci\u00f3n Pol\u00edtica\u201d, se\u00f1ala el oficio dirigido a la presidenta de la Mesa Directiva, Yaneli Hern\u00e1ndez Mart\u00ednez.<\/p>\n\n\n\n<p>Una vez desahogado el procedimiento, la presidenta de la Mesa solicit\u00f3 a la nueva coordinadora de Morena que pasara al centro de la sala de Plenos pata que se le tomara la protesta de rigor, lo que se desarroll\u00f3 sin complicaciones.<\/p>\n\n\n\n<p>Para las 15:30 horas, el Congreso de Guerrero ten\u00eda nueva presidenta de la Jucopo.<\/p>\n","protected":false},"excerpt":{"rendered":"<p>&#8212; Rinde protesta ante el Pleno, tras asumir la coordinaci\u00f3n parlamentaria de Morena Rogelio Agust\u00edn La diputada Yoloczin Dom\u00ednguez Serna asumi\u00f3 la coordinaci\u00f3n de la fracci\u00f3n parlamentaria de Morena en&hellip; <\/p>\n","protected":false},"author":21,"featured_media":50281,"comment_status":"open","ping_status":"open","sticky":false,"template":"","format":"standard","meta":{"fifu_image_url":"","fifu_image_alt":"","footnotes":""},"categories":[2],"tags":[],"class_list":["post-50280","post","type-post","status-publish","format-standard","has-post-thumbnail","hentry","category-congreso"],"_links":{"self":[{"href":"https:\/\/www.interaccionnoticias.com.mx\/index.php?rest_route=\/wp\/v2\/posts\/50280","targetHints":{"allow":["GET"]}}],"collection":[{"href":"https:\/\/www.interaccionnoticias.com.mx\/index.php?rest_route=\/wp\/v2\/posts"}],"about":[{"href":"https:\/\/www.interaccionnoticias.com.mx\/index.php?rest_route=\/wp\/v2\/types\/post"}],"author":[{"embeddable":true,"href":"https:\/\/www.interaccionnoticias.com.mx\/index.php?rest_route=\/wp\/v2\/users\/21"}],"replies":[{"embeddable":true,"href":"https:\/\/www.interaccionnoticias.com.mx\/index.php?rest_route=%2Fwp%2Fv2%2Fcomments&post=50280"}],"version-history":[{"count":1,"href":"https:\/\/www.interaccionnoticias.com.mx\/index.php?rest_route=\/wp\/v2\/posts\/50280\/revisions"}],"predecessor-version":[{"id":50282,"href":"https:\/\/www.interaccionnoticias.com.mx\/index.php?rest_route=\/wp\/v2\/posts\/50280\/revisions\/50282"}],"wp:featuredmedia":[{"embeddable":true,"href":"https:\/\/www.interaccionnoticias.com.mx\/index.php?rest_route=\/wp\/v2\/media\/50281"}],"wp:attachment":[{"href":"https:\/\/www.interaccionnoticias.com.mx\/index.php?rest_route=%2Fwp%2Fv2%2Fmedia&parent=50280"}],"wp:term":[{"taxonomy":"category","embeddable":true,"href":"https:\/\/www.interaccionnoticias.com.mx\/index.php?rest_route=%2Fwp%2Fv2%2Fcategories&post=50280"},{"taxonomy":"post_tag","embeddable":true,"href":"https:\/\/www.interaccionnoticias.com.mx\/index.php?rest_route=%2Fwp%2Fv2%2Ftags&post=50280"}],"curies":[{"name":"wp","href":"https:\/\/api.w.org\/{rel}","templated":true}]}}