{"id":50273,"date":"2022-09-08T13:53:58","date_gmt":"2022-09-08T18:53:58","guid":{"rendered":"https:\/\/interaccionnoticias.com.mx\/?p=50273"},"modified":"2022-09-08T13:54:03","modified_gmt":"2022-09-08T18:54:03","slug":"cambia-morena-a-su-coordinador-parlamentario-en-el-congreso-de-guerrero-deja-alfredo-sanchez-la-presidencia-de-la-jucopo","status":"publish","type":"post","link":"https:\/\/www.interaccionnoticias.com.mx\/?p=50273","title":{"rendered":"Cambia Morena a su coordinador parlamentario en el Congreso de Guerrero, deja Alfredo S\u00e1nchez la presidencia de la Jucopo"},"content":{"rendered":"\n<p>&#8212; Una mujer, Yoloczin Dom\u00ednguez asume el liderazgo de la bancada y la presidencia de la Jucopo<\/p>\n\n\n\n<p>Rogelio Agust\u00edn<\/p>\n\n\n\n<p>El diputado Alfredo S\u00e1nchez Esquivel fue relevado de la coordinaci\u00f3n de la fracci\u00f3n parlamentaria de Morena en el Congreso local, lo que implica separarse tambi\u00e9n de la presidencia de la Junta de Coordinaci\u00f3n Pol\u00edtica (Jucopo).<\/p>\n\n\n\n<p>El acuerdo se tom\u00f3 en una reuni\u00f3n plenaria que comenz\u00f3 la ma\u00f1ana del jueves 8 de septiembre en la sala Jos\u00e9 Francisco Ruiz Massieu, misma que culmin\u00f3 despu\u00e9s de las 13:15 horas.<\/p>\n\n\n\n<p>La bancada de Morena est\u00e1 integrada por 22 diputados locales, la coordinaci\u00f3n a partir de este 7 de septiembre recaer\u00e1 en Yoloczin Dom\u00ednguez Serna, originaria del puerto de Acapulco y quien al igual que S\u00e1nchez Esquivel, viene de ser parte de la 62 Legislatura local.<\/p>\n\n\n\n<p>El propio Alfredo S\u00e1nchez confirm\u00f3 el acuerdo asumido por la bancada morenista en el Congreso de Guerrero, quien manifest\u00f3 que tras culminar la reuni\u00f3n plenaria, se procedi\u00f3 a la elaboraci\u00f3n de un oficio de notificaci\u00f3n, que ser\u00e1 presentado al Pleno durante la sesi\u00f3n que se desarrollar\u00e1 este mismo d\u00eda.<\/p>\n\n\n\n<p>Una vez que Yoloczin Dom\u00ednguez sea nombrada coordinadora de la fracci\u00f3n parlamentaria m\u00e1s numerosa en la 63 Legislatura local, asumir\u00e1 la presidencia de la Junta de Coordinaci\u00f3n Pol\u00edtica.<\/p>\n\n\n\n<p>Este mismo d\u00eda, se confirm\u00f3 la renuncia de Florencio C\u00e9sar Felipe Leyva a la direcci\u00f3n de Comunicaci\u00f3n Social del Congreso de Guerrero.<\/p>\n\n\n\n<p>Yoloczin Dom\u00ednguez ser\u00e1 la primera mujer que coordina la fracci\u00f3n parlamentaria de Morena, desde que dicho partido pol\u00edtico asumi\u00f3 el Control del Congreso local, en 2018.<\/p>\n\n\n\n<p>Actualmente la presidencia de la Mesa Directiva est\u00e1 presidida por otra mujer, la perredista Yaneli Hern\u00e1ndez Mart\u00ednez.<\/p>\n\n\n\n<p>El diputado S\u00e1nchez Esquivel fue la cabeza visible del frente emergente que se cre\u00f3 tras la elecci\u00f3n de consejeros estatales de Morena, realizada el 30 de julio, grupo en el que participaron tambi\u00e9n las alcaldesas de Acapulco, Abelina L\u00f3pez Rodr\u00edguez y Norma Otilia Hern\u00e1ndez Mart\u00ednez, de Chilpancingo.<br><\/p>\n","protected":false},"excerpt":{"rendered":"<p>&#8212; Una mujer, Yoloczin Dom\u00ednguez asume el liderazgo de la bancada y la presidencia de la Jucopo Rogelio Agust\u00edn El diputado Alfredo S\u00e1nchez Esquivel fue relevado de la coordinaci\u00f3n de&hellip; <\/p>\n","protected":false},"author":21,"featured_media":50275,"comment_status":"open","ping_status":"open","sticky":false,"template":"","format":"standard","meta":{"fifu_image_url":"","fifu_image_alt":"","footnotes":""},"categories":[2],"tags":[],"class_list":["post-50273","post","type-post","status-publish","format-standard","has-post-thumbnail","hentry","category-congreso"],"_links":{"self":[{"href":"https:\/\/www.interaccionnoticias.com.mx\/index.php?rest_route=\/wp\/v2\/posts\/50273","targetHints":{"allow":["GET"]}}],"collection":[{"href":"https:\/\/www.interaccionnoticias.com.mx\/index.php?rest_route=\/wp\/v2\/posts"}],"about":[{"href":"https:\/\/www.interaccionnoticias.com.mx\/index.php?rest_route=\/wp\/v2\/types\/post"}],"author":[{"embeddable":true,"href":"https:\/\/www.interaccionnoticias.com.mx\/index.php?rest_route=\/wp\/v2\/users\/21"}],"replies":[{"embeddable":true,"href":"https:\/\/www.interaccionnoticias.com.mx\/index.php?rest_route=%2Fwp%2Fv2%2Fcomments&post=50273"}],"version-history":[{"count":1,"href":"https:\/\/www.interaccionnoticias.com.mx\/index.php?rest_route=\/wp\/v2\/posts\/50273\/revisions"}],"predecessor-version":[{"id":50276,"href":"https:\/\/www.interaccionnoticias.com.mx\/index.php?rest_route=\/wp\/v2\/posts\/50273\/revisions\/50276"}],"wp:featuredmedia":[{"embeddable":true,"href":"https:\/\/www.interaccionnoticias.com.mx\/index.php?rest_route=\/wp\/v2\/media\/50275"}],"wp:attachment":[{"href":"https:\/\/www.interaccionnoticias.com.mx\/index.php?rest_route=%2Fwp%2Fv2%2Fmedia&parent=50273"}],"wp:term":[{"taxonomy":"category","embeddable":true,"href":"https:\/\/www.interaccionnoticias.com.mx\/index.php?rest_route=%2Fwp%2Fv2%2Fcategories&post=50273"},{"taxonomy":"post_tag","embeddable":true,"href":"https:\/\/www.interaccionnoticias.com.mx\/index.php?rest_route=%2Fwp%2Fv2%2Ftags&post=50273"}],"curies":[{"name":"wp","href":"https:\/\/api.w.org\/{rel}","templated":true}]}}