{"id":50270,"date":"2022-09-08T12:02:03","date_gmt":"2022-09-08T17:02:03","guid":{"rendered":"https:\/\/interaccionnoticias.com.mx\/?p=50270"},"modified":"2022-09-08T12:02:08","modified_gmt":"2022-09-08T17:02:08","slug":"protestan-padres-y-profesores-de-kinder-de-chilpancingo","status":"publish","type":"post","link":"https:\/\/www.interaccionnoticias.com.mx\/?p=50270","title":{"rendered":"Protestan padres y profesores de Kinder de Chilpancingo"},"content":{"rendered":"\n<p><strong><em>&#8212; Exigen se reponga el personal de limpieza<\/em><\/strong><\/p>\n\n\n\n<p><strong>Jes\u00fas Dorantes<\/strong><\/p>\n\n\n\n<p><strong>Chilpancingo, Gro.- <\/strong>Docentes y padres de familia del Jard\u00edn de Ni\u00f1os Jaime Torres Bodet de Quechultenango, cerraron las oficinas de la Direcci\u00f3n General de Administraci\u00f3n de Personal de la Secretar\u00eda de Educaci\u00f3n Guerrero (SEG) en exigencia de asignaci\u00f3n de un trabajador de limpieza para su escuela.<\/p>\n\n\n\n<p>La ma\u00f1ana del jueves un grupo de 20 personas encabezadas Roc\u00edo Garc\u00eda Mart\u00ednez directora de la instituci\u00f3n educativa, acudieron por segunda ocasi\u00f3n a Chilpancingo para cerrar las oficinas de la SEG.<\/p>\n\n\n\n<p>En entrevista la titular del Kinder ubicado en el municipio de Quechultenango denunci\u00f3 que desde hace un a\u00f1o la persona que se encargaba de la limpieza obtuvo su cambio de adscripci\u00f3n, pero las autoridades educativas no lo han sustituido.<\/p>\n\n\n\n<p>A pesar de que la plaza laboral se encuentra activa, por lo que entre padres y docentes tienen que encargarse de realizar la limpieza de las aulas y ba\u00f1os.<\/p>\n\n\n\n<p>En caso de no tener respuesta favorable los inconformes aseguraron que volver\u00e1n nuevamente a la capital del estado para cerrar las oficinas.<br><\/p>\n","protected":false},"excerpt":{"rendered":"<p>&#8212; Exigen se reponga el personal de limpieza Jes\u00fas Dorantes Chilpancingo, Gro.- Docentes y padres de familia del Jard\u00edn de Ni\u00f1os Jaime Torres Bodet de Quechultenango, cerraron las oficinas de&hellip; <\/p>\n","protected":false},"author":8,"featured_media":50271,"comment_status":"open","ping_status":"open","sticky":false,"template":"","format":"standard","meta":{"fifu_image_url":"","fifu_image_alt":"","footnotes":""},"categories":[6],"tags":[],"class_list":["post-50270","post","type-post","status-publish","format-standard","has-post-thumbnail","hentry","category-educacion"],"_links":{"self":[{"href":"https:\/\/www.interaccionnoticias.com.mx\/index.php?rest_route=\/wp\/v2\/posts\/50270","targetHints":{"allow":["GET"]}}],"collection":[{"href":"https:\/\/www.interaccionnoticias.com.mx\/index.php?rest_route=\/wp\/v2\/posts"}],"about":[{"href":"https:\/\/www.interaccionnoticias.com.mx\/index.php?rest_route=\/wp\/v2\/types\/post"}],"author":[{"embeddable":true,"href":"https:\/\/www.interaccionnoticias.com.mx\/index.php?rest_route=\/wp\/v2\/users\/8"}],"replies":[{"embeddable":true,"href":"https:\/\/www.interaccionnoticias.com.mx\/index.php?rest_route=%2Fwp%2Fv2%2Fcomments&post=50270"}],"version-history":[{"count":1,"href":"https:\/\/www.interaccionnoticias.com.mx\/index.php?rest_route=\/wp\/v2\/posts\/50270\/revisions"}],"predecessor-version":[{"id":50272,"href":"https:\/\/www.interaccionnoticias.com.mx\/index.php?rest_route=\/wp\/v2\/posts\/50270\/revisions\/50272"}],"wp:featuredmedia":[{"embeddable":true,"href":"https:\/\/www.interaccionnoticias.com.mx\/index.php?rest_route=\/wp\/v2\/media\/50271"}],"wp:attachment":[{"href":"https:\/\/www.interaccionnoticias.com.mx\/index.php?rest_route=%2Fwp%2Fv2%2Fmedia&parent=50270"}],"wp:term":[{"taxonomy":"category","embeddable":true,"href":"https:\/\/www.interaccionnoticias.com.mx\/index.php?rest_route=%2Fwp%2Fv2%2Fcategories&post=50270"},{"taxonomy":"post_tag","embeddable":true,"href":"https:\/\/www.interaccionnoticias.com.mx\/index.php?rest_route=%2Fwp%2Fv2%2Ftags&post=50270"}],"curies":[{"name":"wp","href":"https:\/\/api.w.org\/{rel}","templated":true}]}}