{"id":50257,"date":"2022-09-07T20:03:34","date_gmt":"2022-09-08T01:03:34","guid":{"rendered":"https:\/\/interaccionnoticias.com.mx\/?p=50257"},"modified":"2022-09-07T20:04:05","modified_gmt":"2022-09-08T01:04:05","slug":"se-traslado-via-aerea-a-hospital-del-quemado-bebe-de-dos-meses-para-atencion-medica-especializada-ssg","status":"publish","type":"post","link":"https:\/\/www.interaccionnoticias.com.mx\/?p=50257","title":{"rendered":"Se traslad\u00f3 v\u00eda a\u00e9rea a Hospital del Quemado beb\u00e9 de dos meses para atenci\u00f3n m\u00e9dica especializada: SSG"},"content":{"rendered":"\n<p><strong>Tlapa de Comonfort, Gro., 07 de septiembre del 2022.-<\/strong> El Gobierno del Estado de Guerrero, a trav\u00e9s del Centro Regulador de Urgencias M\u00e9dicas de la Secretar\u00eda de Salud, coordin\u00f3 el traslado v\u00eda a\u00e9rea de un beb\u00e9 de dos meses de edad, de Tlapa de Comonfort al Hospital General del Quemado, para que reciba atenci\u00f3n m\u00e9dica especializada.<br><br>Se trata de un masculino de 2 meses de edad con s\u00edndrome de distres respiratorio, con anemia grado IV en correcci\u00f3n y desnutrici\u00f3n severa.<\/p>\n\n\n\n<p>Como parte de las acciones para la atenci\u00f3n m\u00e9dica se transport\u00f3 equipo de ventilaci\u00f3n mec\u00e1nica v\u00eda a\u00e9rea en una aeronave de la unidad aerom\u00f3vil de la Polic\u00eda Estatal.<\/p>\n","protected":false},"excerpt":{"rendered":"<p>Tlapa de Comonfort, Gro., 07 de septiembre del 2022.- El Gobierno del Estado de Guerrero, a trav\u00e9s del Centro Regulador de Urgencias M\u00e9dicas de la Secretar\u00eda de Salud, coordin\u00f3 el&hellip; <\/p>\n","protected":false},"author":19,"featured_media":50258,"comment_status":"open","ping_status":"open","sticky":false,"template":"","format":"standard","meta":{"fifu_image_url":"","fifu_image_alt":"","footnotes":""},"categories":[26],"tags":[],"class_list":["post-50257","post","type-post","status-publish","format-standard","has-post-thumbnail","hentry","category-salud"],"_links":{"self":[{"href":"https:\/\/www.interaccionnoticias.com.mx\/index.php?rest_route=\/wp\/v2\/posts\/50257","targetHints":{"allow":["GET"]}}],"collection":[{"href":"https:\/\/www.interaccionnoticias.com.mx\/index.php?rest_route=\/wp\/v2\/posts"}],"about":[{"href":"https:\/\/www.interaccionnoticias.com.mx\/index.php?rest_route=\/wp\/v2\/types\/post"}],"author":[{"embeddable":true,"href":"https:\/\/www.interaccionnoticias.com.mx\/index.php?rest_route=\/wp\/v2\/users\/19"}],"replies":[{"embeddable":true,"href":"https:\/\/www.interaccionnoticias.com.mx\/index.php?rest_route=%2Fwp%2Fv2%2Fcomments&post=50257"}],"version-history":[{"count":2,"href":"https:\/\/www.interaccionnoticias.com.mx\/index.php?rest_route=\/wp\/v2\/posts\/50257\/revisions"}],"predecessor-version":[{"id":50260,"href":"https:\/\/www.interaccionnoticias.com.mx\/index.php?rest_route=\/wp\/v2\/posts\/50257\/revisions\/50260"}],"wp:featuredmedia":[{"embeddable":true,"href":"https:\/\/www.interaccionnoticias.com.mx\/index.php?rest_route=\/wp\/v2\/media\/50258"}],"wp:attachment":[{"href":"https:\/\/www.interaccionnoticias.com.mx\/index.php?rest_route=%2Fwp%2Fv2%2Fmedia&parent=50257"}],"wp:term":[{"taxonomy":"category","embeddable":true,"href":"https:\/\/www.interaccionnoticias.com.mx\/index.php?rest_route=%2Fwp%2Fv2%2Fcategories&post=50257"},{"taxonomy":"post_tag","embeddable":true,"href":"https:\/\/www.interaccionnoticias.com.mx\/index.php?rest_route=%2Fwp%2Fv2%2Ftags&post=50257"}],"curies":[{"name":"wp","href":"https:\/\/api.w.org\/{rel}","templated":true}]}}