{"id":50239,"date":"2022-09-07T19:40:16","date_gmt":"2022-09-08T00:40:16","guid":{"rendered":"https:\/\/interaccionnoticias.com.mx\/?p=50239"},"modified":"2022-09-07T19:40:21","modified_gmt":"2022-09-08T00:40:21","slug":"sin-vigilancia-especial-las-protestas-de-los-padres-de-los-43-y-la-normal-rural-de-ayotzinapa-anticipa-el-gobierno","status":"publish","type":"post","link":"https:\/\/www.interaccionnoticias.com.mx\/?p=50239","title":{"rendered":"Sin vigilancia especial, las protestas de los padres de los 43 y la Normal Rural de Ayotzinapa, anticipa el Gobierno"},"content":{"rendered":"\n<p><strong><em>&#8212; Las actividades de los padres y estudiantes, de acuerdo con el secretario general de Gobierno, Ludwid Marcial Reynoso, han sido pacificas<\/em><\/strong><\/p>\n\n\n\n<p><strong>Rogelio Agust\u00edn<\/strong><\/p>\n\n\n\n<p>El Gobierno de Guerrero no pondr\u00e1 en marcha ning\u00fan dispositivo de vigilancia en torno a las actividades que tienen programadas los padres de los 43 y la Normal Rural de Ayotzinapa, de cara al octavo aniversario de los ataques del 26 de septiembre de 2014.<\/p>\n\n\n\n<p>A partir del 12 de septiembre pr\u00f3ximo, el colectivo integrado por madres y padres de los 43, los estudiantes de la Normal Rural de Ayotzinapa, as\u00ed como organizaciones aliadas, habr\u00e1n de realizar actividades en las ciudades de Chilpancingo, Iguala y la capital del pa\u00eds, las cuales culminar\u00e1n el 27 del mismo mes, en el contexto del octavo aniversario de los ataques registrados en la cuna de la bandera nacional.<\/p>\n\n\n\n<p>Respecto a la posibilidad de que haya alg\u00fan dispositivo de seguridad o seguimiento desde el Gobierno de Guerrero a las movilizaciones que est\u00e1n en puerta, el secretario general, Ludwid Marcial Reynoso N\u00fa\u00f1ez anticip\u00f3 que en la administraci\u00f3n estatal habr\u00e1 una actitud de respeto.<\/p>\n\n\n\n<p>\u201cNosotros nos mantenemos al tanto siempre de ellas, siempre estamos al pendiente pero no consideramos intervenir, son manifestaciones que siempre han sido pacificas por parte de los padres y los alumnos de la Normal Rural de Ayotzinapa\u201d, se\u00f1al\u00f3 al ser cuestionado sobre la existencia de alg\u00fan operativo de seguridad, principalmente en carreteras y edificios p\u00fablicos.<\/p>\n\n\n\n<p>Sostuvo que el Gobierno del Guerrero se encuentra pendiente siempre de las movilizaciones que realizan diferentes organizaciones, pero aclar\u00f3 que en el caso de Ayotzinapa y los pap\u00e1s de los 43, de ninguna manera existe alguna expectativa negativa.<\/p>\n\n\n\n<p>De acuerdo con las actividades que se han dado a conocer, las organizaciones sociales y el colectivo de padres agraviados por la noche de Iguala, iniciar\u00e1n el 12 de septiembre con una ofrenda floral en el punto conocido como El Parador del Marqu\u00e9s, lugar en el que fueron asesinados el 12 de diciembre de 2011 los estudiantes Alexis Herrera Pino y Gabriel Echeverr\u00eda de Jes\u00fas.<\/p>\n\n\n\n<p>Se prev\u00e9n mitines en Palacio de Gobierno de Chilpancingo, en Iguala de la Independencia y en las instalaciones de la Normal Rural Ra\u00fal Isidro Burgos.<\/p>\n\n\n\n<p>En la Ciudad de M\u00e9xico pretenden ir a las oficinas de la Fiscal\u00eda General de la Rep\u00fablica (FGR), la Secretar\u00eda de Relaciones Exteriores, el Monumento a la Revoluci\u00f3n y la embajada de Israel, para exigir que el gobierno de ese pa\u00eds no esconda al ex director de la Agencia de Investigaci\u00f3n Criminal (AIC), Tom\u00e1s Zer\u00f3n de Lucio, uno de los principales art\u00edfices de la \u201cVerdad Hist\u00f3rica\u201d.<\/p>\n","protected":false},"excerpt":{"rendered":"<p>&#8212; Las actividades de los padres y estudiantes, de acuerdo con el secretario general de Gobierno, Ludwid Marcial Reynoso, han sido pacificas Rogelio Agust\u00edn El Gobierno de Guerrero no pondr\u00e1&hellip; <\/p>\n","protected":false},"author":21,"featured_media":50240,"comment_status":"open","ping_status":"open","sticky":false,"template":"","format":"standard","meta":{"fifu_image_url":"","fifu_image_alt":"","footnotes":""},"categories":[11],"tags":[],"class_list":["post-50239","post","type-post","status-publish","format-standard","has-post-thumbnail","hentry","category-guerrero"],"_links":{"self":[{"href":"https:\/\/www.interaccionnoticias.com.mx\/index.php?rest_route=\/wp\/v2\/posts\/50239","targetHints":{"allow":["GET"]}}],"collection":[{"href":"https:\/\/www.interaccionnoticias.com.mx\/index.php?rest_route=\/wp\/v2\/posts"}],"about":[{"href":"https:\/\/www.interaccionnoticias.com.mx\/index.php?rest_route=\/wp\/v2\/types\/post"}],"author":[{"embeddable":true,"href":"https:\/\/www.interaccionnoticias.com.mx\/index.php?rest_route=\/wp\/v2\/users\/21"}],"replies":[{"embeddable":true,"href":"https:\/\/www.interaccionnoticias.com.mx\/index.php?rest_route=%2Fwp%2Fv2%2Fcomments&post=50239"}],"version-history":[{"count":1,"href":"https:\/\/www.interaccionnoticias.com.mx\/index.php?rest_route=\/wp\/v2\/posts\/50239\/revisions"}],"predecessor-version":[{"id":50241,"href":"https:\/\/www.interaccionnoticias.com.mx\/index.php?rest_route=\/wp\/v2\/posts\/50239\/revisions\/50241"}],"wp:featuredmedia":[{"embeddable":true,"href":"https:\/\/www.interaccionnoticias.com.mx\/index.php?rest_route=\/wp\/v2\/media\/50240"}],"wp:attachment":[{"href":"https:\/\/www.interaccionnoticias.com.mx\/index.php?rest_route=%2Fwp%2Fv2%2Fmedia&parent=50239"}],"wp:term":[{"taxonomy":"category","embeddable":true,"href":"https:\/\/www.interaccionnoticias.com.mx\/index.php?rest_route=%2Fwp%2Fv2%2Fcategories&post=50239"},{"taxonomy":"post_tag","embeddable":true,"href":"https:\/\/www.interaccionnoticias.com.mx\/index.php?rest_route=%2Fwp%2Fv2%2Ftags&post=50239"}],"curies":[{"name":"wp","href":"https:\/\/api.w.org\/{rel}","templated":true}]}}