{"id":50137,"date":"2022-09-05T19:42:05","date_gmt":"2022-09-06T00:42:05","guid":{"rendered":"https:\/\/interaccionnoticias.com.mx\/?p=50137"},"modified":"2022-09-05T19:42:10","modified_gmt":"2022-09-06T00:42:10","slug":"se-despliegan-mil-700-efectivos-por-kay-en-acapulco","status":"publish","type":"post","link":"https:\/\/www.interaccionnoticias.com.mx\/?p=50137","title":{"rendered":"Se despliegan mil 700 efectivos por \u201cKay\u201d en Acapulco"},"content":{"rendered":"\n<p><strong><em>&#8212; Se eval\u00faa la trayectoria y afectaciones por las lluvias<\/em><\/strong><\/p>\n\n\n\n<p><strong>Javier Trujillo<\/strong><\/p>\n\n\n\n<p><strong>Acapulco, Gro. \u2013 <\/strong>Al evaluar las acciones implementadas por las autoridades civiles y militares, tras las \u00faltimas horas de intensas lluvias a causa del paso de la Tormenta Tropical Kay, se desplegaron m\u00e1s de mil 700 efectivos en la entidad.<\/p>\n\n\n\n<p>El secretario de Seguridad P\u00fablica de Guerrero, Evelio M\u00e9ndez G\u00f3mez particip\u00f3 en la sesi\u00f3n extraordinaria de Protecci\u00f3n Civil que encabez\u00f3 en Acapulco, la gobernadora, Evelyn Salgado Pineda.<\/p>\n\n\n\n<p>En la Sala de Crisis del Centro de Control, Comando, C\u00f3mputo, Comunicaciones y Coordinaci\u00f3n (C5) en Acapulco, el titular de la SSP, inform\u00f3 que suman m\u00e1s de mil 700 elementos de la Polic\u00eda y Tr\u00e1nsito Estatal, con apoyo de 130 patrullas y moto patrullas, para reforzar los patrullajes de seguridad y apoyo a la ciudadan\u00eda ante la situaci\u00f3n climatol\u00f3gica.<\/p>\n\n\n\n<p>\u201cInformamos que estamos pendientes y atentos a los apoyos que requiere la poblaci\u00f3n y autoridades de los tres niveles de gobierno, como Protecci\u00f3n Civil y militares.<\/p>\n\n\n\n<p>\u201cMantenemos recorridos y operativos sobre las carreteras estatales. Mantenemos presencia en todas las regiones\u201d, inform\u00f3 el secretario M\u00e9ndez G\u00f3mez en su intervenci\u00f3n, y estuvo acompa\u00f1ado por el director del C5-Acapulco, Jos\u00e9 Luis Castro Reyes.<\/p>\n\n\n\n<p>La sesi\u00f3n extraordinaria para evaluar las afectaciones, la evoluci\u00f3n y trayectoria de la Tormenta Tropical Kay fue moderada por el secretario de Protecci\u00f3n Civil estatal, Roberto Arroyo Matus.<\/p>\n\n\n\n<p>El personal operativo de la SSP Guerrero se mantiene alerta desde el fin de semana por las condiciones de lluvias.<\/p>\n","protected":false},"excerpt":{"rendered":"<p>&#8212; Se eval\u00faa la trayectoria y afectaciones por las lluvias Javier Trujillo Acapulco, Gro. \u2013 Al evaluar las acciones implementadas por las autoridades civiles y militares, tras las \u00faltimas horas&hellip; <\/p>\n","protected":false},"author":3,"featured_media":50138,"comment_status":"open","ping_status":"open","sticky":false,"template":"","format":"standard","meta":{"fifu_image_url":"","fifu_image_alt":"","footnotes":""},"categories":[27],"tags":[],"class_list":["post-50137","post","type-post","status-publish","format-standard","has-post-thumbnail","hentry","category-seguridad-publica"],"_links":{"self":[{"href":"https:\/\/www.interaccionnoticias.com.mx\/index.php?rest_route=\/wp\/v2\/posts\/50137","targetHints":{"allow":["GET"]}}],"collection":[{"href":"https:\/\/www.interaccionnoticias.com.mx\/index.php?rest_route=\/wp\/v2\/posts"}],"about":[{"href":"https:\/\/www.interaccionnoticias.com.mx\/index.php?rest_route=\/wp\/v2\/types\/post"}],"author":[{"embeddable":true,"href":"https:\/\/www.interaccionnoticias.com.mx\/index.php?rest_route=\/wp\/v2\/users\/3"}],"replies":[{"embeddable":true,"href":"https:\/\/www.interaccionnoticias.com.mx\/index.php?rest_route=%2Fwp%2Fv2%2Fcomments&post=50137"}],"version-history":[{"count":1,"href":"https:\/\/www.interaccionnoticias.com.mx\/index.php?rest_route=\/wp\/v2\/posts\/50137\/revisions"}],"predecessor-version":[{"id":50139,"href":"https:\/\/www.interaccionnoticias.com.mx\/index.php?rest_route=\/wp\/v2\/posts\/50137\/revisions\/50139"}],"wp:featuredmedia":[{"embeddable":true,"href":"https:\/\/www.interaccionnoticias.com.mx\/index.php?rest_route=\/wp\/v2\/media\/50138"}],"wp:attachment":[{"href":"https:\/\/www.interaccionnoticias.com.mx\/index.php?rest_route=%2Fwp%2Fv2%2Fmedia&parent=50137"}],"wp:term":[{"taxonomy":"category","embeddable":true,"href":"https:\/\/www.interaccionnoticias.com.mx\/index.php?rest_route=%2Fwp%2Fv2%2Fcategories&post=50137"},{"taxonomy":"post_tag","embeddable":true,"href":"https:\/\/www.interaccionnoticias.com.mx\/index.php?rest_route=%2Fwp%2Fv2%2Ftags&post=50137"}],"curies":[{"name":"wp","href":"https:\/\/api.w.org\/{rel}","templated":true}]}}