{"id":50134,"date":"2022-09-05T19:36:36","date_gmt":"2022-09-06T00:36:36","guid":{"rendered":"https:\/\/interaccionnoticias.com.mx\/?p=50134"},"modified":"2022-09-05T19:36:40","modified_gmt":"2022-09-06T00:36:40","slug":"alerta-de-la-formacion-de-otra-tormenta-tropical","status":"publish","type":"post","link":"https:\/\/www.interaccionnoticias.com.mx\/?p=50134","title":{"rendered":"Alerta de la formaci\u00f3n de otra tormenta tropical"},"content":{"rendered":"\n<p><strong><em>&#8212; Pronostica SPC una nueva tormenta tropical en Guerrero<br>&#8212; Alerta que seguir\u00e1 lloviendo las pr\u00f3ximas 24 horas<\/em><\/strong><\/p>\n\n\n\n<p><strong>Javier Trujillo<\/strong><\/p>\n\n\n\n<p><strong>Acapulco, Gro. \u2013<\/strong> La Secretar\u00eda de Protecci\u00f3n Civil Guerrero, alerta que durante las pr\u00f3ximas 24 horas habr\u00e1 m\u00e1s lluvias de puntuales a intensas en la entidad por el paso de la Tormenta Tropical Kay. Advierte la formaci\u00f3n de otro fen\u00f3meno hidrometeorol\u00f3gico en el pac\u00edfico.<\/p>\n\n\n\n<p>\u201cEn algunas zonas de Guerrero, sobre todo en la zona de la Costa Grande, por eso estamos muy atentos, y ya para el d\u00eda de ma\u00f1ana ya seguramente se va a reducir el nivel de precipitaciones.<\/p>\n\n\n\n<p>\u201cAunque tenemos informes de que muy probablemente se est\u00e9 formando en el oc\u00e9ano pac\u00edfico, otra condici\u00f3n que pudiese derivar en un cicl\u00f3n, por lo pronto es una tormenta tropical incipiente, pero pudiese evolucionar a cicl\u00f3n o hurac\u00e1n\u201d, alert\u00f3 el titular de SPC, Arroyo Matus.<\/p>\n\n\n\n<p>Explic\u00f3 que en las \u00faltimas horas se registraron lluvias intensas, causando mayores da\u00f1os principalmente en las regiones de Costa Grande, Acapulco y Sierra.<\/p>\n\n\n\n<p>El funcionario del gobierno de Guerrero, mencion\u00f3 los casos de tres personas que murieron a consecuencia de las torrenciales lluvias que azotaron el puerto de Acapulco y de fuertes los vientos.<\/p>\n\n\n\n<p>De las tres v\u00edctimas, Mar\u00eda Eleazar Soto Rom\u00e1n y Francisco Salas Ch\u00e1vez, ambos de 50 a\u00f1os, viajaban en la camioneta con una menor de siete a\u00f1os de edad, todos del poblado de Xaltianguis. As\u00ed como un menor de nueve a\u00f1os, de la comunidad de Huamuchitos, en los Bienes Comunales de Cacahuatepec, zona rural de Acapulco.<\/p>\n\n\n\n<p>Arroyo Matus destac\u00f3 que la tormenta Kay, ya se alejaba del litoral costero, pero existe un d\u00eda m\u00e1s de la ca\u00edda de agua.<\/p>\n\n\n\n<p>Detall\u00f3 que a pesar de que se aleja el fen\u00f3meno se ha detectado una nueva tormenta que pudiera evolucionar a un hurac\u00e1n.<\/p>\n\n\n\n<p>Finalmente, el secretario de PC, realiz\u00f3 un llamado a la ciudadan\u00eda para acudir a los 651 albergues que se tienen preparados, con capacidad para 132 mil personas en caso de que las condiciones meteorol\u00f3gicas empeoren.<\/p>\n","protected":false},"excerpt":{"rendered":"<p>&#8212; Pronostica SPC una nueva tormenta tropical en Guerrero&#8212; Alerta que seguir\u00e1 lloviendo las pr\u00f3ximas 24 horas Javier Trujillo Acapulco, Gro. \u2013 La Secretar\u00eda de Protecci\u00f3n Civil Guerrero, alerta que&hellip; <\/p>\n","protected":false},"author":3,"featured_media":50135,"comment_status":"open","ping_status":"open","sticky":false,"template":"","format":"standard","meta":{"fifu_image_url":"","fifu_image_alt":"","footnotes":""},"categories":[9],"tags":[],"class_list":["post-50134","post","type-post","status-publish","format-standard","has-post-thumbnail","hentry","category-fenomenos-naturales"],"_links":{"self":[{"href":"https:\/\/www.interaccionnoticias.com.mx\/index.php?rest_route=\/wp\/v2\/posts\/50134","targetHints":{"allow":["GET"]}}],"collection":[{"href":"https:\/\/www.interaccionnoticias.com.mx\/index.php?rest_route=\/wp\/v2\/posts"}],"about":[{"href":"https:\/\/www.interaccionnoticias.com.mx\/index.php?rest_route=\/wp\/v2\/types\/post"}],"author":[{"embeddable":true,"href":"https:\/\/www.interaccionnoticias.com.mx\/index.php?rest_route=\/wp\/v2\/users\/3"}],"replies":[{"embeddable":true,"href":"https:\/\/www.interaccionnoticias.com.mx\/index.php?rest_route=%2Fwp%2Fv2%2Fcomments&post=50134"}],"version-history":[{"count":1,"href":"https:\/\/www.interaccionnoticias.com.mx\/index.php?rest_route=\/wp\/v2\/posts\/50134\/revisions"}],"predecessor-version":[{"id":50136,"href":"https:\/\/www.interaccionnoticias.com.mx\/index.php?rest_route=\/wp\/v2\/posts\/50134\/revisions\/50136"}],"wp:featuredmedia":[{"embeddable":true,"href":"https:\/\/www.interaccionnoticias.com.mx\/index.php?rest_route=\/wp\/v2\/media\/50135"}],"wp:attachment":[{"href":"https:\/\/www.interaccionnoticias.com.mx\/index.php?rest_route=%2Fwp%2Fv2%2Fmedia&parent=50134"}],"wp:term":[{"taxonomy":"category","embeddable":true,"href":"https:\/\/www.interaccionnoticias.com.mx\/index.php?rest_route=%2Fwp%2Fv2%2Fcategories&post=50134"},{"taxonomy":"post_tag","embeddable":true,"href":"https:\/\/www.interaccionnoticias.com.mx\/index.php?rest_route=%2Fwp%2Fv2%2Ftags&post=50134"}],"curies":[{"name":"wp","href":"https:\/\/api.w.org\/{rel}","templated":true}]}}