{"id":50125,"date":"2022-09-05T16:57:13","date_gmt":"2022-09-05T21:57:13","guid":{"rendered":"https:\/\/interaccionnoticias.com.mx\/?p=50125"},"modified":"2022-09-05T16:57:20","modified_gmt":"2022-09-05T21:57:20","slug":"la-consulta-a-personas-con-discapacidad-no-es-un-asunto-burocratico-es-un-tema-de-justicia-social-y-humana-apreza","status":"publish","type":"post","link":"https:\/\/www.interaccionnoticias.com.mx\/?p=50125","title":{"rendered":"La consulta a personas con discapacidad, no es un asunto burocr\u00e1tico, es un tema de justicia social y humana: Apreza"},"content":{"rendered":"\n<p><strong><em>&#8212; El Congreso del Estado har\u00e1 lo propio para obtener los mejores resultados, sostiene el Segundo Vicepresidente de la Mesa Directiva, Olaguer Hern\u00e1ndez<br>&#8212; Es una consulta que se tiene que hacer sin simulaci\u00f3n: Gaby Bernal<\/em><\/strong><\/p>\n\n\n\n<p><strong>Chilpancingo, Gro., 5 de septiembre de 2022.-<\/strong> La Consulta a las personas con discapacidad no es un tema burocr\u00e1tico, ni para queda bien con la Suprema Corte de Justicia de la Naci\u00f3n (SCJN) es un acto de justicia humana, social, para construir la igualdad y la inclusi\u00f3n, sostuvo el diputado H\u00e9ctor Apreza Patr\u00f3n, coordinador del Grupo Parlamentario del PRI en el Congreso del Estado.<\/p>\n\n\n\n<p>Lo anterior, durante la presentaci\u00f3n de la Consulta a Personas con Discapacidad en materia de Educaci\u00f3n Inclusiva, por parte de la comisi\u00f3n de Atenci\u00f3n a Personas con Discapacidad, a la que pertenecen los diputados Jes\u00fas Parra Garc\u00eda y Gabriela Bernal Resendiz ante presidentes municipales donde se realizar\u00e1 la misma.<\/p>\n\n\n\n<p>En la presentaci\u00f3n realizada en la sede del Poder Legislativo, tambi\u00e9n estuvieron los representantes de la JUCOPO y de la Mesa Directiva a trav\u00e9s del vicepresidente Olaguer Hern\u00e1ndez Flores.<\/p>\n\n\n\n<p>En su intervenci\u00f3n Apreza Patr\u00f3n dijo que este tema es de lo m\u00e1s sensible, humano, en el que esencialmente se tienen que buscar los mecanismos para promover y construir la igualdad e inclusi\u00f3n, para lo cual afirm\u00f3 el Congreso del Estado se encuentra totalmente dispuesto a ello, no s\u00f3lo por mandato de la SCJN, si no por ser un asunto estrictamente de justicia humana.<\/p>\n\n\n\n<p>\u201cEste Congreso se encuentra de manera seria y responsable, metido en cuerpo y alma a este tema\u201d, dijo tras reconocer el trabajo sistem\u00e1tico y adecuado que realiza la comisi\u00f3n de Atenci\u00f3n a Personas con Discapacidad que preside la diputada Gloria Citlalli Calixto Jim\u00e9nez en coordinaci\u00f3n con la JUCOPO.<\/p>\n\n\n\n<p>Enseguida Apreza Patr\u00f3n hizo un llamado a los representantes de los doce municipios que participar\u00e1n en la Consulta, reconociendo el inter\u00e9s de dos \u00fanicos Presidentes Municipales que acudieron personalmente, de Chilapa Aldy Esteban Rom\u00e1n y de Altamirano Cuauht\u00e9moc Mastache Aguayo.<\/p>\n\n\n\n<p>Por su parte, el Vicepresidente de la Mesa Directiva, diputado Olaguer Hern\u00e1ndez Flores quien acudi\u00f3 en representaci\u00f3n de la Presidenta de la Mesa Directiva, Yanelly Hern\u00e1ndez Mart\u00ednez, dio la bienvenida y tambi\u00e9n clausur\u00f3 los trabajos de la reuni\u00f3n informativa.<\/p>\n\n\n\n<p>En su mensaje, Hern\u00e1ndez Flores resalt\u00f3 la plena disposici\u00f3n de la actual legislatura para que la Consulta se lleve a cabo en las mejores condiciones y se obtengan los mejores resultados, ya que el objetivo es conocer la opini\u00f3n y las principales problem\u00e1ticas de las personas con discapacidad, para construir un dialogo y crear una legislaci\u00f3n que elimine las barreras sociales en materia educativa. Mencion\u00f3 que ser\u00e1 una responsabilidad compartida con los ayuntamientos para que hagan lo propio al ser municipios sedes y puedan acudir las personas para ser escuchadas. \u201cAqu\u00ed vamos todos sin distingo partidista, acudiremos los diputados a los municipios para escuchar a las personas y obtener los mejores resultados\u201d, recalc\u00f3 al clausurar la reuni\u00f3n.<\/p>\n\n\n\n<p>M\u00e1s tarde, en conferencia de prensa, la diputada Gabriela Bernal Resendiz, integrante de la comisi\u00f3n de Atenci\u00f3n a Personas con Discapacidad, reafirm\u00f3 el compromiso de la comisi\u00f3n y del propio Congreso del Estado con todo el pueblo de Guerrero y en especial con este sector de la poblaci\u00f3n, a quienes les dijo es el momento de levantar la voz.<\/p>\n\n\n\n<p>\u201cLas diputadas y diputados estamos para escucharles. Sin playeras pol\u00edticas vamos a ir juntas y juntos a escuchar a las personas con discapacidad, hoy el Congreso quiere, necesita de la mano de las personas con discapacidad, escuchando su voz a trav\u00e9s de estas consultas que estaremos realizando, donde podr\u00e1n acudir los municipios cercanos a las sedes\u201d, dijo.<\/p>\n\n\n\n<p>Bernal Resendiz sostuvo que ser\u00e1n incluyentes e inclusivos, tal como lo ha estado haciendo el Congreso desde hace unos meses, modificando y adaptando para que todas las personas puedan accesar al recinto oficial. \u201cQueremos eso para las y los guerrerenses, un estado incluyente donde todas y todos tengan las mismas oportunidades y para ello es importante escuchar la voz de todas las mujeres, hombres, j\u00f3venes, ni\u00f1as y ni\u00f1os con alguna discapacidad, porque es un sector que pocas veces se ha escuchado, sabemos que van a hablar mucho y queremos escucharles, ah\u00ed va a estar la comisi\u00f3n presente, estar\u00e1n tambi\u00e9n diputadas y diputados de aqu\u00ed del Congreso del estado, porque es una consulta que se tiene que hacer sin simulaci\u00f3n\u201d, concluy\u00f3.<\/p>\n\n\n\n<p>El diputado Jes\u00fas Parra Garc\u00eda propuso realizar la reuni\u00f3n t\u00e9cnica en el municipio de Chilapa, a fin de programar la log\u00edstica para llevar a cabo la Consulta que ser\u00e1 en doce municipios sedes, entre ellos Teloloapan, Tecpan de Galeana, Taxco, Tlapa, Zihuatanejo, Ometepec, Iguala, Chilpancingo, Acapulco, Ayutla de los Libres, que son donde m\u00e1s poblaci\u00f3n hay de personas con discapacidad.<\/p>\n","protected":false},"excerpt":{"rendered":"<p>&#8212; El Congreso del Estado har\u00e1 lo propio para obtener los mejores resultados, sostiene el Segundo Vicepresidente de la Mesa Directiva, Olaguer Hern\u00e1ndez&#8212; Es una consulta que se tiene que&hellip; <\/p>\n","protected":false},"author":19,"featured_media":50126,"comment_status":"open","ping_status":"open","sticky":false,"template":"","format":"standard","meta":{"fifu_image_url":"","fifu_image_alt":"","footnotes":""},"categories":[2],"tags":[],"class_list":["post-50125","post","type-post","status-publish","format-standard","has-post-thumbnail","hentry","category-congreso"],"_links":{"self":[{"href":"https:\/\/www.interaccionnoticias.com.mx\/index.php?rest_route=\/wp\/v2\/posts\/50125","targetHints":{"allow":["GET"]}}],"collection":[{"href":"https:\/\/www.interaccionnoticias.com.mx\/index.php?rest_route=\/wp\/v2\/posts"}],"about":[{"href":"https:\/\/www.interaccionnoticias.com.mx\/index.php?rest_route=\/wp\/v2\/types\/post"}],"author":[{"embeddable":true,"href":"https:\/\/www.interaccionnoticias.com.mx\/index.php?rest_route=\/wp\/v2\/users\/19"}],"replies":[{"embeddable":true,"href":"https:\/\/www.interaccionnoticias.com.mx\/index.php?rest_route=%2Fwp%2Fv2%2Fcomments&post=50125"}],"version-history":[{"count":1,"href":"https:\/\/www.interaccionnoticias.com.mx\/index.php?rest_route=\/wp\/v2\/posts\/50125\/revisions"}],"predecessor-version":[{"id":50127,"href":"https:\/\/www.interaccionnoticias.com.mx\/index.php?rest_route=\/wp\/v2\/posts\/50125\/revisions\/50127"}],"wp:featuredmedia":[{"embeddable":true,"href":"https:\/\/www.interaccionnoticias.com.mx\/index.php?rest_route=\/wp\/v2\/media\/50126"}],"wp:attachment":[{"href":"https:\/\/www.interaccionnoticias.com.mx\/index.php?rest_route=%2Fwp%2Fv2%2Fmedia&parent=50125"}],"wp:term":[{"taxonomy":"category","embeddable":true,"href":"https:\/\/www.interaccionnoticias.com.mx\/index.php?rest_route=%2Fwp%2Fv2%2Fcategories&post=50125"},{"taxonomy":"post_tag","embeddable":true,"href":"https:\/\/www.interaccionnoticias.com.mx\/index.php?rest_route=%2Fwp%2Fv2%2Ftags&post=50125"}],"curies":[{"name":"wp","href":"https:\/\/api.w.org\/{rel}","templated":true}]}}