{"id":50114,"date":"2022-09-05T14:24:46","date_gmt":"2022-09-05T19:24:46","guid":{"rendered":"https:\/\/interaccionnoticias.com.mx\/?p=50114"},"modified":"2022-09-05T14:24:51","modified_gmt":"2022-09-05T19:24:51","slug":"en-morena-guerrero-no-hay-guerra-entre-grupos-asegura-lider-del-congreso","status":"publish","type":"post","link":"https:\/\/www.interaccionnoticias.com.mx\/?p=50114","title":{"rendered":"\u201cEn Morena-Guerrero no hay guerra entre grupos\u201d, asegura l\u00edder del Congreso"},"content":{"rendered":"\n<p><strong>&#8212; La elecci\u00f3n de dirigente habr\u00e1 de repercutir en el Congreso, asume Alfredo S\u00e1nchez Esquivel<\/strong><\/p>\n\n\n\n<p><strong>Rogelio Agust\u00edn<\/strong><\/p>\n\n\n\n<p>El presidente de la Junta de Coordinaci\u00f3n Pol\u00edtica (Jucopo) del Congreso local, Alfredo S\u00e1nchez Esquivel sostuvo que al seno de Morena-Guerrero no existe una guerra entre grupos pol\u00edticos, por eso es que no se puede hablar de ganadores o perdedores en el proceso de renovaci\u00f3n de la dirigencia de dicho instituto pol\u00edtico.<\/p>\n\n\n\n<p>S\u00e1nchez Esquivel, reconoci\u00f3 que la elecci\u00f3n de dirigente estatal inevitablemente tendr\u00e1 una repercusi\u00f3n en el Poder legislativo de Guerrero, aunque todav\u00eda no sabe si ser\u00e1 positiva o negativa.<\/p>\n\n\n\n<p>De inicio, el presidente de la Jucopo reconoci\u00f3 que ya era necesario tener un Consejo y Comit\u00e9 Ejecutivo Estatal (CEE) debidamente integrados en Guerrero, si se toma en cuenta el tiempo que pas\u00f3 con un secretario general con funciones de presidente, que estaba re\u00f1ido con una delegada especial, para luego terminar con otro delegado del Comit\u00e9 Nacional, que no ten\u00eda mucha movilidad ni presencia real ante la militancia.<\/p>\n\n\n\n<p>Reconoci\u00f3 que su compa\u00f1ero diputado, Jacinto Gonz\u00e1lez Varona tiene ahora una gran responsabilidad, que consiste en buscar la generaci\u00f3n de acuerdos y de consensos en Guerrero, \u201cpara que a Morena le siga yendo bien y corrija los errores que se han cometido en los lugares donde no se ha podido ganar\u201d.<\/p>\n\n\n\n<p>Fue cuestionado sobre el balance que tuvo el frente emergente, que integraron \u00e9l en su calidad de l\u00edder del Congreso, junto con las alcaldesas de Acapulco y Chilpancingo; Abelina L\u00f3pez Rodr\u00edguez y Norma Otilia Hern\u00e1ndez Mart\u00ednez, respectivamente.<\/p>\n\n\n\n<p>\u201cYo he insistido hasta el cansancio; no se integr\u00f3 ning\u00fan frete o ning\u00fan frente, hay reuniones de compa\u00f1eros, la participaci\u00f3n fue pol\u00edtica, ah\u00ed est\u00e1n los nombres sobre la mesa y somos respetuosos\u201d, anot\u00f3.<\/p>\n\n\n\n<p>Dijo que en pol\u00edtica se pueden tener diferencias, pero al final las mayor\u00edas son las que deciden y en este caso, los resultados son muy claros.<\/p>\n\n\n\n<p>Ante la pregunta de qui\u00e9n es el que gan\u00f3 en la renovaci\u00f3n de dirigentes, S\u00e1nchez Esquivel asever\u00f3: \u201cYo creo que se dio un paso que era muy necesario \u00bfQui\u00e9n gana? Pues tiene que ganar Morena, porque al final de cuentas, al tener garantizar un actor al frente del partido, es a quien se tiene que pedir cuentas de lo que ocurra, de lo que avance el partido y las estructuras\u201d.<\/p>\n\n\n\n<p>Y cerr\u00f3 esa parte con lo siguiente: \u201cDecir que alguien gana o alguien pierde, ser\u00eda como decir que hay una guerra entre grupos, cuando aqu\u00ed lo importante es que inicie un proyecto en donde a largo plazo tiene que dar buenos resultados y estos se deben reflejar en los comicios de 2024\u201d.<\/p>\n\n\n\n<p>Record\u00f3 que en las pr\u00f3ximas elecciones federales, el presidente Andr\u00e9s Manuel L\u00f3pez Obrador ya no estar\u00e1 en las boletas, de tal manera que se tiene que trabajar en la fortaleza interna del partido, para que dicha ausencia no tenga un peso definitivo.<\/p>\n\n\n\n<p>Cuestionado sobre las repercusiones que puede tener en el Congreso, la elecci\u00f3n de dirigente de partido, Alfredo S\u00e1nchez Esquivel reconoci\u00f3 que de manera inevitable eso suceder\u00e1.<\/p>\n\n\n\n<p>\u201cYo lo he dicho coloquialmente; todos los caminos llevan al Congreso, pero puede ser que esa repercusi\u00f3n sea positiva o negativa, no se sabe, todo se tiene que ver con el avance del tiempo, en funci\u00f3n de ciertas circunstancias\u201d, anot\u00f3.<\/p>\n\n\n\n<p>Record\u00f3 que el Congreso tiene su vida interna, donde sus integrantes son respetuosos de las decisiones que tome la dirigencia del Morena, aunque una vez definida su dirigencia, se tiene que buscar la comunicaci\u00f3n para lograr una reconciliaci\u00f3n verdadera.<br><\/p>\n","protected":false},"excerpt":{"rendered":"<p>&#8212; La elecci\u00f3n de dirigente habr\u00e1 de repercutir en el Congreso, asume Alfredo S\u00e1nchez Esquivel Rogelio Agust\u00edn El presidente de la Junta de Coordinaci\u00f3n Pol\u00edtica (Jucopo) del Congreso local, Alfredo&hellip; <\/p>\n","protected":false},"author":21,"featured_media":49976,"comment_status":"open","ping_status":"open","sticky":false,"template":"","format":"standard","meta":{"fifu_image_url":"","fifu_image_alt":"","footnotes":""},"categories":[18],"tags":[],"class_list":["post-50114","post","type-post","status-publish","format-standard","has-post-thumbnail","hentry","category-partidos-politicos"],"_links":{"self":[{"href":"https:\/\/www.interaccionnoticias.com.mx\/index.php?rest_route=\/wp\/v2\/posts\/50114","targetHints":{"allow":["GET"]}}],"collection":[{"href":"https:\/\/www.interaccionnoticias.com.mx\/index.php?rest_route=\/wp\/v2\/posts"}],"about":[{"href":"https:\/\/www.interaccionnoticias.com.mx\/index.php?rest_route=\/wp\/v2\/types\/post"}],"author":[{"embeddable":true,"href":"https:\/\/www.interaccionnoticias.com.mx\/index.php?rest_route=\/wp\/v2\/users\/21"}],"replies":[{"embeddable":true,"href":"https:\/\/www.interaccionnoticias.com.mx\/index.php?rest_route=%2Fwp%2Fv2%2Fcomments&post=50114"}],"version-history":[{"count":1,"href":"https:\/\/www.interaccionnoticias.com.mx\/index.php?rest_route=\/wp\/v2\/posts\/50114\/revisions"}],"predecessor-version":[{"id":50115,"href":"https:\/\/www.interaccionnoticias.com.mx\/index.php?rest_route=\/wp\/v2\/posts\/50114\/revisions\/50115"}],"wp:featuredmedia":[{"embeddable":true,"href":"https:\/\/www.interaccionnoticias.com.mx\/index.php?rest_route=\/wp\/v2\/media\/49976"}],"wp:attachment":[{"href":"https:\/\/www.interaccionnoticias.com.mx\/index.php?rest_route=%2Fwp%2Fv2%2Fmedia&parent=50114"}],"wp:term":[{"taxonomy":"category","embeddable":true,"href":"https:\/\/www.interaccionnoticias.com.mx\/index.php?rest_route=%2Fwp%2Fv2%2Fcategories&post=50114"},{"taxonomy":"post_tag","embeddable":true,"href":"https:\/\/www.interaccionnoticias.com.mx\/index.php?rest_route=%2Fwp%2Fv2%2Ftags&post=50114"}],"curies":[{"name":"wp","href":"https:\/\/api.w.org\/{rel}","templated":true}]}}