{"id":50105,"date":"2022-09-05T13:59:44","date_gmt":"2022-09-05T18:59:44","guid":{"rendered":"https:\/\/interaccionnoticias.com.mx\/?p=50105"},"modified":"2022-09-05T13:59:49","modified_gmt":"2022-09-05T18:59:49","slug":"morena-pone-en-marcha-su-operacion-cicatriz","status":"publish","type":"post","link":"https:\/\/www.interaccionnoticias.com.mx\/?p=50105","title":{"rendered":"Morena pone en marcha su operaci\u00f3n-cicatriz"},"content":{"rendered":"\n<p><strong><em>&#8212; Hay un llamado a la unidad y la reconciliaci\u00f3n, para superar cualquier disputa interna<\/em><\/strong><\/p>\n\n\n\n<p><strong>Rogelio Agust\u00edn<\/strong><\/p>\n\n\n\n<p>El dirigente estatal de Morena, Jacinto Gonz\u00e1lez Varona sostuvo que ya est\u00e1 en marcha el proceso de reconciliaci\u00f3n entre los actores que tiene dicho instituto pol\u00edtico en Guerrero, los que pudieron verse afectados por la elecci\u00f3n de los \u00f3rganos de direcci\u00f3n durante la jornada del domingo 4 de septiembre.<\/p>\n\n\n\n<p>Gonz\u00e1lez Varona record\u00f3 que ya era necesario renovar al Comit\u00e9 Ejecutivo Estatal (CEE) y al propio Consejo Estatal de Morena-Guerrero, habida cuenta de que en 2018 el \u00faltimo presidente estatutariamente electo dej\u00f3 el cargo para asumir la coordinaci\u00f3n de delegaciones federales y despu\u00e9s el cargo de diputado local, en referencia a Pablo Amilcar Sandoval Ballesteros.<\/p>\n\n\n\n<p>Reconoci\u00f3 que la figura de delegado con funciones de presidente estatal, que estaba a cargo de Cuauht\u00e9moc Ney Catal\u00e1n no lograba permear al seno de la militancia, pero adem\u00e1s, era rebasado medi\u00e1ticamente por las dirigencias del PRI o del PRD.<\/p>\n\n\n\n<p>Ahora, dijo que se ver\u00e1 una dirigencia estatal del partido con mayor movilidad en el estado, que adem\u00e1s, se dar\u00e1 a la tarea de activar a los comit\u00e9s municipales en las siete regiones, para efecto de llegar debidamente fortalecidos a los pr\u00f3ximos compromisos electorales.<\/p>\n\n\n\n<p>El diputado local con licencia neg\u00f3 que a partir del resultado del Consejo Estatal del domingo, haya personajes que resultaran fortalecidos o debilitados, pues al final, quien gana es la militancia de Morena, que ya cuenta con un comit\u00e9 debidamente integrado, que tiene todas las facultades para asumir sus tareas, adem\u00e1s de que puede articular los esfuerzos que se tienen como partido que encabeza la titularidad del Gobierno del Estado y que ocupa la mayor\u00eda en el Congreso local.<\/p>\n\n\n\n<p>Por esa raz\u00f3n, dijo que la etapa de reconciliaci\u00f3n y llamado a la unidad ya comenz\u00f3, lo que pasa por dialogar con todos los actores internos, incluidos aquellos que en su momento dieron a conocer el inter\u00e9s de contender por las presidencias del Consejo y del Comit\u00e9 Ejecutivo Estatal.<\/p>\n\n\n\n<p>Cuestionado particularmente sobre la comunicaci\u00f3n con Galdino Nava D\u00edaz, quien dio a conocer abiertamente su aspiraci\u00f3n de dirigir al partido, Gonz\u00e1lez Varona dijo que tuvo la oportunidad de cruzar comentarios con \u00e9l en el cierre del mismo consejo, pero posteriormente no hab\u00eda sido posible establecer alguna comunicaci\u00f3n v\u00eda tel\u00e9fono, aunque anunci\u00f3 que lo har\u00e1 en los pr\u00f3ximos d\u00edas.<\/p>\n\n\n\n<p>Indic\u00f3 que el llamado a la unidad y la reconciliaci\u00f3n no es solamente de discurso, pues tiene la certeza de que la militancia no desea ver a sus liderasgos confrontados y que en estos momentos, los \u00f3rganos de direcci\u00f3n del partido se encuentran debidamente legitimados.<br><\/p>\n","protected":false},"excerpt":{"rendered":"<p>&#8212; Hay un llamado a la unidad y la reconciliaci\u00f3n, para superar cualquier disputa interna Rogelio Agust\u00edn El dirigente estatal de Morena, Jacinto Gonz\u00e1lez Varona sostuvo que ya est\u00e1 en&hellip; <\/p>\n","protected":false},"author":21,"featured_media":50106,"comment_status":"open","ping_status":"open","sticky":false,"template":"","format":"standard","meta":{"fifu_image_url":"","fifu_image_alt":"","footnotes":""},"categories":[18],"tags":[],"class_list":["post-50105","post","type-post","status-publish","format-standard","has-post-thumbnail","hentry","category-partidos-politicos"],"_links":{"self":[{"href":"https:\/\/www.interaccionnoticias.com.mx\/index.php?rest_route=\/wp\/v2\/posts\/50105","targetHints":{"allow":["GET"]}}],"collection":[{"href":"https:\/\/www.interaccionnoticias.com.mx\/index.php?rest_route=\/wp\/v2\/posts"}],"about":[{"href":"https:\/\/www.interaccionnoticias.com.mx\/index.php?rest_route=\/wp\/v2\/types\/post"}],"author":[{"embeddable":true,"href":"https:\/\/www.interaccionnoticias.com.mx\/index.php?rest_route=\/wp\/v2\/users\/21"}],"replies":[{"embeddable":true,"href":"https:\/\/www.interaccionnoticias.com.mx\/index.php?rest_route=%2Fwp%2Fv2%2Fcomments&post=50105"}],"version-history":[{"count":1,"href":"https:\/\/www.interaccionnoticias.com.mx\/index.php?rest_route=\/wp\/v2\/posts\/50105\/revisions"}],"predecessor-version":[{"id":50107,"href":"https:\/\/www.interaccionnoticias.com.mx\/index.php?rest_route=\/wp\/v2\/posts\/50105\/revisions\/50107"}],"wp:featuredmedia":[{"embeddable":true,"href":"https:\/\/www.interaccionnoticias.com.mx\/index.php?rest_route=\/wp\/v2\/media\/50106"}],"wp:attachment":[{"href":"https:\/\/www.interaccionnoticias.com.mx\/index.php?rest_route=%2Fwp%2Fv2%2Fmedia&parent=50105"}],"wp:term":[{"taxonomy":"category","embeddable":true,"href":"https:\/\/www.interaccionnoticias.com.mx\/index.php?rest_route=%2Fwp%2Fv2%2Fcategories&post=50105"},{"taxonomy":"post_tag","embeddable":true,"href":"https:\/\/www.interaccionnoticias.com.mx\/index.php?rest_route=%2Fwp%2Fv2%2Ftags&post=50105"}],"curies":[{"name":"wp","href":"https:\/\/api.w.org\/{rel}","templated":true}]}}