{"id":50102,"date":"2022-09-05T12:11:11","date_gmt":"2022-09-05T17:11:11","guid":{"rendered":"https:\/\/interaccionnoticias.com.mx\/?p=50102"},"modified":"2022-09-05T12:11:16","modified_gmt":"2022-09-05T17:11:16","slug":"se-reportan-171-casos-activos-de-covid-19-en-guerrero","status":"publish","type":"post","link":"https:\/\/www.interaccionnoticias.com.mx\/?p=50102","title":{"rendered":"Se reportan 171 casos activos de Covid-19 en Guerrero"},"content":{"rendered":"\n<p><strong><em>&#8212; Contin\u00faa a la baja la presencia de casos, por lo que se pide a la poblaci\u00f3n continuar con las medidas sanitarias<\/em><\/strong><\/p>\n\n\n\n<p><strong>Chilpancingo, Gro., 05 de septiembre 2022.-<\/strong> La Secretar\u00eda de Salud estatal reitera el llamado a la poblaci\u00f3n a mantener las medidas preventivas para seguir disminuyendo los casos activos de COVD-19, reportando que hasta el momento se presentan 171 casos, de los cuales uno se confirm\u00f3 en las \u00faltimas 24 horas y se tiene un 5% de ocupaci\u00f3n hospitalaria.<\/p>\n\n\n\n<p>El uso correcto de cubrebocas en espacios cerrados y abiertos, sana distancia de 1.5 metros, lavado de manos constante con agua y jab\u00f3n y\/o desinfecci\u00f3n con alcohol en gel al 70%, y evitar aglomeraciones son algunas de las recomendaciones que se piden a la poblaci\u00f3n para evitar la propagaci\u00f3n del virus.<\/p>\n\n\n\n<p>De acuerdo al reporte de la SSG, los principales municipios con casos activos son: Chilpancingo 48; Acapulco 39; Taxco 24; Iguala 21; Zihuatanejo 9; Chilapa 5; Atlixtac 3; Arcelia 2; General Heliodoro Castillo 2 y Teloloapan 2.<\/p>\n\n\n\n<p>En el informe t\u00e9cnico diario de COVID-19 que presenta la Secretar\u00eda de Salud Guerrero, destaca que desde el inicio de la pandemia, Guerrero acumula 115,807 casos confirmados y 6,837 defunciones, ubic\u00e1ndose en el lugar 28 en incidencia de casos activos a nivel nacional.<\/p>\n\n\n\n<p>La dependencia estatal inform\u00f3 que priorizando la salud de la poblaci\u00f3n se mantienen m\u00f3dulos de detecci\u00f3n de COVID-19 en las siete regiones sanitarias, para brindarles tratamiento m\u00e9dico oportuno a las personas que as\u00ed lo requieran.<br><\/p>\n","protected":false},"excerpt":{"rendered":"<p>&#8212; Contin\u00faa a la baja la presencia de casos, por lo que se pide a la poblaci\u00f3n continuar con las medidas sanitarias Chilpancingo, Gro., 05 de septiembre 2022.- La Secretar\u00eda&hellip; <\/p>\n","protected":false},"author":19,"featured_media":50103,"comment_status":"open","ping_status":"open","sticky":false,"template":"","format":"standard","meta":{"fifu_image_url":"","fifu_image_alt":"","footnotes":""},"categories":[3],"tags":[],"class_list":["post-50102","post","type-post","status-publish","format-standard","has-post-thumbnail","hentry","category-covid-19"],"_links":{"self":[{"href":"https:\/\/www.interaccionnoticias.com.mx\/index.php?rest_route=\/wp\/v2\/posts\/50102","targetHints":{"allow":["GET"]}}],"collection":[{"href":"https:\/\/www.interaccionnoticias.com.mx\/index.php?rest_route=\/wp\/v2\/posts"}],"about":[{"href":"https:\/\/www.interaccionnoticias.com.mx\/index.php?rest_route=\/wp\/v2\/types\/post"}],"author":[{"embeddable":true,"href":"https:\/\/www.interaccionnoticias.com.mx\/index.php?rest_route=\/wp\/v2\/users\/19"}],"replies":[{"embeddable":true,"href":"https:\/\/www.interaccionnoticias.com.mx\/index.php?rest_route=%2Fwp%2Fv2%2Fcomments&post=50102"}],"version-history":[{"count":1,"href":"https:\/\/www.interaccionnoticias.com.mx\/index.php?rest_route=\/wp\/v2\/posts\/50102\/revisions"}],"predecessor-version":[{"id":50104,"href":"https:\/\/www.interaccionnoticias.com.mx\/index.php?rest_route=\/wp\/v2\/posts\/50102\/revisions\/50104"}],"wp:featuredmedia":[{"embeddable":true,"href":"https:\/\/www.interaccionnoticias.com.mx\/index.php?rest_route=\/wp\/v2\/media\/50103"}],"wp:attachment":[{"href":"https:\/\/www.interaccionnoticias.com.mx\/index.php?rest_route=%2Fwp%2Fv2%2Fmedia&parent=50102"}],"wp:term":[{"taxonomy":"category","embeddable":true,"href":"https:\/\/www.interaccionnoticias.com.mx\/index.php?rest_route=%2Fwp%2Fv2%2Fcategories&post=50102"},{"taxonomy":"post_tag","embeddable":true,"href":"https:\/\/www.interaccionnoticias.com.mx\/index.php?rest_route=%2Fwp%2Fv2%2Ftags&post=50102"}],"curies":[{"name":"wp","href":"https:\/\/api.w.org\/{rel}","templated":true}]}}