{"id":50098,"date":"2022-09-04T19:42:54","date_gmt":"2022-09-05T00:42:54","guid":{"rendered":"https:\/\/interaccionnoticias.com.mx\/?p=50098"},"modified":"2022-09-04T19:42:59","modified_gmt":"2022-09-05T00:42:59","slug":"se-suspenden-clases-en-tres-regiones-de-guerrero-por-la-tormenta-tropical-kay","status":"publish","type":"post","link":"https:\/\/www.interaccionnoticias.com.mx\/?p=50098","title":{"rendered":"Se suspenden clases en tres regiones de Guerrero, por la Tormenta Tropical Kay"},"content":{"rendered":"\n<p><strong>&#8212; En todos los niveles educativos<\/strong><\/p>\n\n\n\n<p><strong>Rogelio Agust\u00edn<\/strong><\/p>\n\n\n\n<p>La Secretar\u00eda de Educaci\u00f3n Guerrero (SEG) confirm\u00f3 que a consecuencia de la Tormenta Tropikal Kay, las clases de todos los niveles quedan suspendidos este lunes en las regiones Acapulco, Costa Grande y la parte alta de la Sierra.<\/p>\n\n\n\n<p>Pasadas las 19 horas de este domingo 4 de septiembre, la SEG difundi\u00f3 un breve comunicado en el que se\u00f1ala que ha recibido una recomendaci\u00f3n puntual por parte de la Secretar\u00eda de Protecci\u00f3n Civil.<\/p>\n\n\n\n<p>En dicha recomendaci\u00f3n, se se\u00f1ala que ante el paso de la Tormenta Tropical Kay, es necesario salvaguardar la integridad f\u00edsica de los estudiantes y del personal docente en todos los niveles educativos.<\/p>\n\n\n\n<p>Por esa raz\u00f3n es que se tom\u00f3 la decisi\u00f3n de suspender clases este lunes en las regiones Acapulco, Costa Grande y la parte alta de la Sierra.<\/p>\n\n\n\n<p>En las regiones Centro, Monta\u00f1a, Norte, Tierra Caliente y Costa Chica las clases se mantienen.<\/p>\n\n\n\n<figure class=\"wp-block-gallery columns-1 is-cropped wp-block-gallery-1 is-layout-flex wp-block-gallery-is-layout-flex\"><ul class=\"blocks-gallery-grid\"><li class=\"blocks-gallery-item\"><figure><img decoding=\"async\" src=\"data:image\/gif;base64,R0lGODlhAQABAIAAAAAAAP\/\/\/ywAAAAAAQABAAACAUwAOw==\" fifu-lazy=\"1\" fifu-data-sizes=\"auto\" fifu-data-srcset=\"https:\/\/i0.wp.com\/interaccionnoticias.com.mx\/wp-content\/uploads\/2022\/09\/220904-ormenta-Tropical-Kay.jpeg?ssl=1&w=75&resize=75&ssl=1 75w, https:\/\/i0.wp.com\/interaccionnoticias.com.mx\/wp-content\/uploads\/2022\/09\/220904-ormenta-Tropical-Kay.jpeg?ssl=1&w=100&resize=100&ssl=1 100w, https:\/\/i0.wp.com\/interaccionnoticias.com.mx\/wp-content\/uploads\/2022\/09\/220904-ormenta-Tropical-Kay.jpeg?ssl=1&w=150&resize=150&ssl=1 150w, https:\/\/i0.wp.com\/interaccionnoticias.com.mx\/wp-content\/uploads\/2022\/09\/220904-ormenta-Tropical-Kay.jpeg?ssl=1&w=240&resize=240&ssl=1 240w, https:\/\/i0.wp.com\/interaccionnoticias.com.mx\/wp-content\/uploads\/2022\/09\/220904-ormenta-Tropical-Kay.jpeg?ssl=1&w=320&resize=320&ssl=1 320w, https:\/\/i0.wp.com\/interaccionnoticias.com.mx\/wp-content\/uploads\/2022\/09\/220904-ormenta-Tropical-Kay.jpeg?ssl=1&w=500&resize=500&ssl=1 500w, https:\/\/i0.wp.com\/interaccionnoticias.com.mx\/wp-content\/uploads\/2022\/09\/220904-ormenta-Tropical-Kay.jpeg?ssl=1&w=640&resize=640&ssl=1 640w, https:\/\/i0.wp.com\/interaccionnoticias.com.mx\/wp-content\/uploads\/2022\/09\/220904-ormenta-Tropical-Kay.jpeg?ssl=1&w=800&resize=800&ssl=1 800w, https:\/\/i0.wp.com\/interaccionnoticias.com.mx\/wp-content\/uploads\/2022\/09\/220904-ormenta-Tropical-Kay.jpeg?ssl=1&w=1024&resize=1024&ssl=1 1024w, https:\/\/i0.wp.com\/interaccionnoticias.com.mx\/wp-content\/uploads\/2022\/09\/220904-ormenta-Tropical-Kay.jpeg?ssl=1&w=1280&resize=1280&ssl=1 1280w, https:\/\/i0.wp.com\/interaccionnoticias.com.mx\/wp-content\/uploads\/2022\/09\/220904-ormenta-Tropical-Kay.jpeg?ssl=1&w=1600&resize=1600&ssl=1 1600w\" fifu-data-src=\"https:\/\/i0.wp.com\/interaccionnoticias.com.mx\/wp-content\/uploads\/2022\/09\/220904-ormenta-Tropical-Kay.jpeg?ssl=1\" alt=\"\" data-id=\"50100\" data-full-url=\"https:\/\/i0.wp.com\/interaccionnoticias.com.mx\/wp-content\/uploads\/2022\/09\/220904-ormenta-Tropical-Kay.jpeg?ssl=1\" data-link=\"https:\/\/interaccionnoticias.com.mx\/?attachment_id=50100\" class=\"wp-image-50100\"\/><\/figure><\/li><\/ul><\/figure>\n","protected":false},"excerpt":{"rendered":"<p>&#8212; En todos los niveles educativos Rogelio Agust\u00edn La Secretar\u00eda de Educaci\u00f3n Guerrero (SEG) confirm\u00f3 que a consecuencia de la Tormenta Tropikal Kay, las clases de todos los niveles quedan&hellip; <\/p>\n","protected":false},"author":21,"featured_media":50099,"comment_status":"open","ping_status":"open","sticky":false,"template":"","format":"standard","meta":{"fifu_image_url":"","fifu_image_alt":"","footnotes":""},"categories":[6],"tags":[],"class_list":["post-50098","post","type-post","status-publish","format-standard","has-post-thumbnail","hentry","category-educacion"],"_links":{"self":[{"href":"https:\/\/www.interaccionnoticias.com.mx\/index.php?rest_route=\/wp\/v2\/posts\/50098","targetHints":{"allow":["GET"]}}],"collection":[{"href":"https:\/\/www.interaccionnoticias.com.mx\/index.php?rest_route=\/wp\/v2\/posts"}],"about":[{"href":"https:\/\/www.interaccionnoticias.com.mx\/index.php?rest_route=\/wp\/v2\/types\/post"}],"author":[{"embeddable":true,"href":"https:\/\/www.interaccionnoticias.com.mx\/index.php?rest_route=\/wp\/v2\/users\/21"}],"replies":[{"embeddable":true,"href":"https:\/\/www.interaccionnoticias.com.mx\/index.php?rest_route=%2Fwp%2Fv2%2Fcomments&post=50098"}],"version-history":[{"count":1,"href":"https:\/\/www.interaccionnoticias.com.mx\/index.php?rest_route=\/wp\/v2\/posts\/50098\/revisions"}],"predecessor-version":[{"id":50101,"href":"https:\/\/www.interaccionnoticias.com.mx\/index.php?rest_route=\/wp\/v2\/posts\/50098\/revisions\/50101"}],"wp:featuredmedia":[{"embeddable":true,"href":"https:\/\/www.interaccionnoticias.com.mx\/index.php?rest_route=\/wp\/v2\/media\/50099"}],"wp:attachment":[{"href":"https:\/\/www.interaccionnoticias.com.mx\/index.php?rest_route=%2Fwp%2Fv2%2Fmedia&parent=50098"}],"wp:term":[{"taxonomy":"category","embeddable":true,"href":"https:\/\/www.interaccionnoticias.com.mx\/index.php?rest_route=%2Fwp%2Fv2%2Fcategories&post=50098"},{"taxonomy":"post_tag","embeddable":true,"href":"https:\/\/www.interaccionnoticias.com.mx\/index.php?rest_route=%2Fwp%2Fv2%2Ftags&post=50098"}],"curies":[{"name":"wp","href":"https:\/\/api.w.org\/{rel}","templated":true}]}}