{"id":50095,"date":"2022-09-04T19:37:41","date_gmt":"2022-09-05T00:37:41","guid":{"rendered":"https:\/\/interaccionnoticias.com.mx\/?p=50095"},"modified":"2022-09-04T19:37:46","modified_gmt":"2022-09-05T00:37:46","slug":"la-creacion-de-la-octava-region-traera-beneficios-a-mil-200-comunidades-sierrenas-rigoberto-acosta","status":"publish","type":"post","link":"https:\/\/www.interaccionnoticias.com.mx\/?p=50095","title":{"rendered":"La creaci\u00f3n de la Octava Regi\u00f3n, traer\u00e1 beneficios a mil 200 comunidades sierre\u00f1as: Rigoberto Acosta"},"content":{"rendered":"\n<p><strong>Rosario Garc\u00eda Orozco<\/strong><\/p>\n\n\n\n<p><strong>Chilpancingo, Gro., 4 de septiembre del 2022.-<\/strong> La creaci\u00f3n de la Regi\u00f3n de La Sierra dar\u00e1 oportunidad a mil 200 comunidades de esa zona, de mejorar las condiciones en las que se encuentran actualmente en los rubros de salud, educaci\u00f3n, telecomunicaciones, carreteras, productividad y seguridad, entre otros; asegur\u00f3 el dirigente del Consejo Regional de la Sierra de Guerrero (Cresig) e integrante del Grupo Sierra, Rigoberto Acosta Gonz\u00e1lez.<\/p>\n\n\n\n<p>El dirigente sierre\u00f1o aplaudi\u00f3 la entrega de un paquete de iniciativas desde el Poder Ejecutivo hacia el Poder Legislativo, entre las que se encuentra la creaci\u00f3n de la Regi\u00f3n de La Sierra, lo que consider\u00f3 es un avance m\u00e1s en la historia de creaci\u00f3n de esa regi\u00f3n, \u00abque hemos construido desde hace m\u00e1s de 30 a\u00f1os\u00bb.<\/p>\n\n\n\n<p>Acosta Gonz\u00e1lez lament\u00f3 que el gobierno del estado no haya tomado en cuenta la opini\u00f3n de los l\u00edderes de esa regi\u00f3n que han luchado por el reconocimiento de La Sierra, ya que no fueron convocados en ning\u00fan momento para aportar sus opiniones para conformar la iniciativa legislativa, \u00abpero si nos dimos cuenta que quienes elaboraron ese documento enviado al Congreso Local, retomaron los estudios realizados por los que integramos el Grupo Sierra y presentados ante distintas autoridades a lo largo de 30 a\u00f1os de lucha\u00bb.<\/p>\n\n\n\n<p>Consider\u00f3 que es un hecho trascendente y de mucha importante y relevancia para los hombres y las mujeres de esa regi\u00f3n, \u00abhoy se empieza a cristalizar este viejo anhelo de los sierre\u00f1os, porque finalmente este este es un paso para que finalmente la Sierra de Guerrero tenga, no s\u00f3lo el reconocimiento que de por s\u00ed es importante, sino lo que puede acompa\u00f1ar ese reconocimiento y que tiene que ver con una propuesta del gobierno que pueda atender los problemas m\u00e1s sentidos de las comunidades de la Sierra\u00bb.<\/p>\n\n\n\n<p>Rigoberto Acosta reconoci\u00f3 a la gobernadora Evelyn Salgado Pineda su determinaci\u00f3n por reconocer a la Sierra, \u201clo que permitir\u00e1 que haya presencia institucional en la zona, atenci\u00f3n gubernamental a los problemas de las comunidades en los temas de Salud de forma integral, de educaci\u00f3n y la situaci\u00f3n de las casi 490 escuelas que hay en la regi\u00f3n; el problema de los caminos, las telecomunicaciones, que se pongan repetidoras, el asunto de la energ\u00eda el\u00e9ctrica; la conservaci\u00f3n de los recursos naturales y, l\u00f3gicamente, la inseguridad y la forma de c\u00f3mo se puede revertir la pr\u00e1ctica de la siembra de cultivos il\u00edcitos y transformarlos en cultivos legales como el aguacate, el agave-mezcal, la agricultura, frutales y fortalecer la ganader\u00eda\u201d.<\/p>\n\n\n\n<p>El dirigente del Cresig pidi\u00f3 a los legisladores su respaldo a la iniciativa, que incluye la creaci\u00f3n de 10 municipios: Lindavista, que pertenece a San Miguel Totolapan; Yextla, municipio de Leonardo Bravo; Jaleaca de Catal\u00e1n, de Chilpancingo; Santa Rosa de Lima, de Coyuca de Ben\u00edtez; El Durazno, de Coyuca de Catal\u00e1n; Vallecitos de Zaragoza, en Zihuatanejo; Nueva Cuadrilla, en Coahuayutla; Huayameo, de Zir\u00e1ndaro, y El Porvenir, de Tecpan de Galeana.<\/p>\n","protected":false},"excerpt":{"rendered":"<p>Rosario Garc\u00eda Orozco Chilpancingo, Gro., 4 de septiembre del 2022.- La creaci\u00f3n de la Regi\u00f3n de La Sierra dar\u00e1 oportunidad a mil 200 comunidades de esa zona, de mejorar las&hellip; <\/p>\n","protected":false},"author":14,"featured_media":50096,"comment_status":"open","ping_status":"open","sticky":false,"template":"","format":"standard","meta":{"fifu_image_url":"","fifu_image_alt":"","footnotes":""},"categories":[23],"tags":[],"class_list":["post-50095","post","type-post","status-publish","format-standard","has-post-thumbnail","hentry","category-regionales"],"_links":{"self":[{"href":"https:\/\/www.interaccionnoticias.com.mx\/index.php?rest_route=\/wp\/v2\/posts\/50095","targetHints":{"allow":["GET"]}}],"collection":[{"href":"https:\/\/www.interaccionnoticias.com.mx\/index.php?rest_route=\/wp\/v2\/posts"}],"about":[{"href":"https:\/\/www.interaccionnoticias.com.mx\/index.php?rest_route=\/wp\/v2\/types\/post"}],"author":[{"embeddable":true,"href":"https:\/\/www.interaccionnoticias.com.mx\/index.php?rest_route=\/wp\/v2\/users\/14"}],"replies":[{"embeddable":true,"href":"https:\/\/www.interaccionnoticias.com.mx\/index.php?rest_route=%2Fwp%2Fv2%2Fcomments&post=50095"}],"version-history":[{"count":1,"href":"https:\/\/www.interaccionnoticias.com.mx\/index.php?rest_route=\/wp\/v2\/posts\/50095\/revisions"}],"predecessor-version":[{"id":50097,"href":"https:\/\/www.interaccionnoticias.com.mx\/index.php?rest_route=\/wp\/v2\/posts\/50095\/revisions\/50097"}],"wp:featuredmedia":[{"embeddable":true,"href":"https:\/\/www.interaccionnoticias.com.mx\/index.php?rest_route=\/wp\/v2\/media\/50096"}],"wp:attachment":[{"href":"https:\/\/www.interaccionnoticias.com.mx\/index.php?rest_route=%2Fwp%2Fv2%2Fmedia&parent=50095"}],"wp:term":[{"taxonomy":"category","embeddable":true,"href":"https:\/\/www.interaccionnoticias.com.mx\/index.php?rest_route=%2Fwp%2Fv2%2Fcategories&post=50095"},{"taxonomy":"post_tag","embeddable":true,"href":"https:\/\/www.interaccionnoticias.com.mx\/index.php?rest_route=%2Fwp%2Fv2%2Ftags&post=50095"}],"curies":[{"name":"wp","href":"https:\/\/api.w.org\/{rel}","templated":true}]}}