{"id":50086,"date":"2022-09-04T16:50:38","date_gmt":"2022-09-04T21:50:38","guid":{"rendered":"https:\/\/interaccionnoticias.com.mx\/?p=50086"},"modified":"2022-09-04T16:50:39","modified_gmt":"2022-09-04T21:50:39","slug":"gonzalez-varona-nuevo-dirigente-estatal-de-morena","status":"publish","type":"post","link":"https:\/\/www.interaccionnoticias.com.mx\/?p=50086","title":{"rendered":"Gonz\u00e1lez Varona, nuevo dirigente estatal de Morena"},"content":{"rendered":"\n<p><strong><em>&#8212; Elsa Valencia, identificada con el equipo de F\u00e9lix Salgado asume la presidencia del Consejo Estatal<br>&#8212; Fue una decisi\u00f3n un\u00e1nime, no tuvo competencia interna.<br>&#8212; \u201cAhora s\u00ed hay dirigencia\u201d, se\u00f1ala al tiempo de llamar a la reconciliaci\u00f3n y la unidad<\/em><\/strong><\/p>\n\n\n\n<p><strong>Jes\u00fas Dorantes<\/strong><\/p>\n\n\n\n<p><strong>Chilpancingo, Gro.- <\/strong>Por unanimidad, Morena-Guerrero design\u00f3 a Jacinto Gonz\u00e1lez Varona como nuevo presidente del Comit\u00e9 Ejecutivo Estatal (CEE), durante una sesi\u00f3n de dos horas en las que su compa\u00f1era consejera, Elsa Valencia result\u00f3 electa presidenta del Consejo Estatal.<\/p>\n\n\n\n<p>La jornada del domingo 4 de septiembre, con dos horas de retraso y el acceso restringido en un sal\u00f3n del hotel Holliday In, se reunieron cita los 90 consejeros de Morena citados a las 09:00 horas, pero no fue hasta las 11:00 horas que comenz\u00f3 la sesi\u00f3n.<\/p>\n\n\n\n<p>Durante el inicio, algunos consejeros protestaron porque no se les permiti\u00f3 el acceso, luego de la votaci\u00f3n realizada en privada, las puertas fueron abiertas tras una votaci\u00f3n para autorizar su ingreso.<\/p>\n\n\n\n<p>El resultado de la votaci\u00f3n interna fue el siguiente: Como presidente del Comit\u00e9 Ejecutivo Estatal (CEE) result\u00f3 electo Jacinto Gonz\u00e1lez Varona; como secretar\u00eda General: Yesenia Salgado Xinol; a cargo de la Secretar\u00eda de Organizaci\u00f3n qued\u00f3 Jonathan M\u00e1rquez; en la Secretar\u00eda de Finanzas, Ana Lilia Botello Figueroa; en Prensa y Propaganda, Emmanuel Guti\u00e9rrez; como responsable de la Secretar\u00eda de la Mujer, Maribel Santiago Arellanes y como responsable de la Secretar\u00eda de Ind\u00edgenas, Abel Bruno Arriaga, ex presidente municipal de Malinaltepec.<\/p>\n\n\n\n<p>Durante una entrevista con los medios, el ahora presidente del CEE de Morena en Guerrero, dijo que la sesi\u00f3n del Consejo se desarrollo sin contratiempos, aunque no se estuvo exento de discusiones internas.<\/p>\n\n\n\n<p>\u201cHubo un peque\u00f1o forcejeo porque acordamos iniciar a las nueve de la ma\u00f1ana e iniciamos cad\u00ed a las 11, hubo consejeros que no llegaron y exigieron la entrada, pero por medio de votaci\u00f3n interna se decidi\u00f3 que se les permitiera el acceso\u201d, explic\u00f3.<\/p>\n\n\n\n<p>A pregunta expresa sobre la decisi\u00f3n un\u00e1nime y su designaci\u00f3n sin votaci\u00f3n, Gonz\u00e1lez Varona destac\u00f3 que se dio a partir del di\u00e1logo y el reconocimiento de su labor, por lo que s\u00f3lo se registr\u00f3 su postulaci\u00f3n para la dirigencia estatal.<\/p>\n\n\n\n<p>Dentro de las primeras acciones que realizar\u00e1, el diputado con licencia manifest\u00f3 que ser\u00e1 buscar una reuni\u00f3n con el senador F\u00e9lix Salgado Macedonio, la Gobernadora Evelyn Salgado Pineda, los presidentes municipales y diputados locales, para efecto de discutir lo relacionado con las pol\u00edticas p\u00fablicas que se impulsan en Guerrero y su identificaci\u00f3n con las l\u00edneas de acci\u00f3n de la 4 T.<\/p>\n\n\n\n<p>Hizo especial \u00e9nfasis en el hehco de que ya no existe una ausencia en el liderazgo de su partido, por lo que apunt\u00f3: \u201cAhora s\u00ed tienen un dirigente, ahora s\u00ed tienen dirigencia, ahora s\u00ed tienen partido, ahora s\u00ed va haber quien defienda el proyecto desde lo pol\u00edtico, porque eso no lo pueden hacer los servidores p\u00fablicos\u201d.<\/p>\n\n\n\n<p>A pregunta expresa sobre la forma en que se desempe\u00f1ar\u00e1 en su nuevo encargo, Jacinto Gonz\u00e1lez asegur\u00f3 que ser\u00e1 un fiel defensor de la Cuarta Transformaci\u00f3n en Guerrero, recalcando que exist\u00eda la falta de un dirigente en sus filas, por lo que sostuvo: \u00abSomos mucho pueblo y poco partido\u00bb.<\/p>\n\n\n\n<p>Y particularmente asever\u00f3 que llamar\u00e1 a la unidad y la reconciliaci\u00f3n de Morena en Guerrero.<\/p>\n","protected":false},"excerpt":{"rendered":"<p>&#8212; Elsa Valencia, identificada con el equipo de F\u00e9lix Salgado asume la presidencia del Consejo Estatal&#8212; Fue una decisi\u00f3n un\u00e1nime, no tuvo competencia interna.&#8212; \u201cAhora s\u00ed hay dirigencia\u201d, se\u00f1ala al&hellip; <\/p>\n","protected":false},"author":8,"featured_media":50087,"comment_status":"open","ping_status":"open","sticky":false,"template":"","format":"standard","meta":{"fifu_image_url":"","fifu_image_alt":"","footnotes":""},"categories":[18],"tags":[],"class_list":["post-50086","post","type-post","status-publish","format-standard","has-post-thumbnail","hentry","category-partidos-politicos"],"_links":{"self":[{"href":"https:\/\/www.interaccionnoticias.com.mx\/index.php?rest_route=\/wp\/v2\/posts\/50086","targetHints":{"allow":["GET"]}}],"collection":[{"href":"https:\/\/www.interaccionnoticias.com.mx\/index.php?rest_route=\/wp\/v2\/posts"}],"about":[{"href":"https:\/\/www.interaccionnoticias.com.mx\/index.php?rest_route=\/wp\/v2\/types\/post"}],"author":[{"embeddable":true,"href":"https:\/\/www.interaccionnoticias.com.mx\/index.php?rest_route=\/wp\/v2\/users\/8"}],"replies":[{"embeddable":true,"href":"https:\/\/www.interaccionnoticias.com.mx\/index.php?rest_route=%2Fwp%2Fv2%2Fcomments&post=50086"}],"version-history":[{"count":1,"href":"https:\/\/www.interaccionnoticias.com.mx\/index.php?rest_route=\/wp\/v2\/posts\/50086\/revisions"}],"predecessor-version":[{"id":50088,"href":"https:\/\/www.interaccionnoticias.com.mx\/index.php?rest_route=\/wp\/v2\/posts\/50086\/revisions\/50088"}],"wp:featuredmedia":[{"embeddable":true,"href":"https:\/\/www.interaccionnoticias.com.mx\/index.php?rest_route=\/wp\/v2\/media\/50087"}],"wp:attachment":[{"href":"https:\/\/www.interaccionnoticias.com.mx\/index.php?rest_route=%2Fwp%2Fv2%2Fmedia&parent=50086"}],"wp:term":[{"taxonomy":"category","embeddable":true,"href":"https:\/\/www.interaccionnoticias.com.mx\/index.php?rest_route=%2Fwp%2Fv2%2Fcategories&post=50086"},{"taxonomy":"post_tag","embeddable":true,"href":"https:\/\/www.interaccionnoticias.com.mx\/index.php?rest_route=%2Fwp%2Fv2%2Ftags&post=50086"}],"curies":[{"name":"wp","href":"https:\/\/api.w.org\/{rel}","templated":true}]}}