{"id":50053,"date":"2022-09-03T22:33:15","date_gmt":"2022-09-04T03:33:15","guid":{"rendered":"https:\/\/interaccionnoticias.com.mx\/?p=50053"},"modified":"2022-09-03T22:35:42","modified_gmt":"2022-09-04T03:35:42","slug":"bloqueo-por-desaparicion-de-madre-e-hija-en-acapulco","status":"publish","type":"post","link":"https:\/\/www.interaccionnoticias.com.mx\/?p=50053","title":{"rendered":"Bloqueo por desaparici\u00f3n de madre e hija en Acapulco"},"content":{"rendered":"\n<p><strong><em>&#8212; Tienen tres d\u00edas sin saber de ellas, dicen familiares<\/em><\/strong><\/p>\n\n\n\n<p><strong>Javier Trujillo<\/strong><\/p>\n\n\n\n<p>Acapulco, Gro.- La desaparici\u00f3n de una madre y su hija menor, motiv\u00f3 que familiares y vecinos de bloquearon la carretera Cayaco Puerto Marqu\u00e9s, en la zona suburbana del puerto de Acapulco, Guerrero.<\/p>\n\n\n\n<p>Desde el pasado 31 de agosto la madre Litzy Samantha Narv\u00e1ez Ramos y su hija menor de edad, se encuentran desaparecidas y no tienen informaci\u00f3n del paradero de ambas, lo que mantiene preocupada a sus familiares y hacen un llamado a la gente y las autoridades que informen de su situaci\u00f3n.<\/p>\n\n\n\n<p>El bloqueo inicio alrededor de las 17:30 horas, frente a Plaza El Patio, en la v\u00eda federal de Cayaco-Puerto Marqu\u00e9s, y que tanto la madre como la menor son vecinas de Navidad de Llano Largo.<\/p>\n\n\n\n<p>En una hoja que se reparti\u00f3 en el bloqueo que realizaron vecinos y familiares, informan que la madre de la menor, con frecuencia era maltratada por su pareja, y en ocasiones la lleg\u00f3 a dejar inconsciente, por lo que urgen a las autoridades que localicen a ambas.<\/p>\n\n\n\n<figure class=\"wp-block-gallery columns-1 is-cropped wp-block-gallery-1 is-layout-flex wp-block-gallery-is-layout-flex\"><ul class=\"blocks-gallery-grid\"><li class=\"blocks-gallery-item\"><figure><img decoding=\"async\" src=\"data:image\/gif;base64,R0lGODlhAQABAIAAAAAAAP\/\/\/ywAAAAAAQABAAACAUwAOw==\" fifu-lazy=\"1\" fifu-data-sizes=\"auto\" fifu-data-srcset=\"https:\/\/i1.wp.com\/interaccionnoticias.com.mx\/wp-content\/uploads\/2022\/09\/IMG-20220903-WA0009-760x1024.jpg?ssl=1&w=75&resize=75&ssl=1 75w, https:\/\/i1.wp.com\/interaccionnoticias.com.mx\/wp-content\/uploads\/2022\/09\/IMG-20220903-WA0009-760x1024.jpg?ssl=1&w=100&resize=100&ssl=1 100w, https:\/\/i1.wp.com\/interaccionnoticias.com.mx\/wp-content\/uploads\/2022\/09\/IMG-20220903-WA0009-760x1024.jpg?ssl=1&w=150&resize=150&ssl=1 150w, https:\/\/i1.wp.com\/interaccionnoticias.com.mx\/wp-content\/uploads\/2022\/09\/IMG-20220903-WA0009-760x1024.jpg?ssl=1&w=240&resize=240&ssl=1 240w, https:\/\/i1.wp.com\/interaccionnoticias.com.mx\/wp-content\/uploads\/2022\/09\/IMG-20220903-WA0009-760x1024.jpg?ssl=1&w=320&resize=320&ssl=1 320w, https:\/\/i1.wp.com\/interaccionnoticias.com.mx\/wp-content\/uploads\/2022\/09\/IMG-20220903-WA0009-760x1024.jpg?ssl=1&w=500&resize=500&ssl=1 500w, https:\/\/i1.wp.com\/interaccionnoticias.com.mx\/wp-content\/uploads\/2022\/09\/IMG-20220903-WA0009-760x1024.jpg?ssl=1&w=640&resize=640&ssl=1 640w, https:\/\/i1.wp.com\/interaccionnoticias.com.mx\/wp-content\/uploads\/2022\/09\/IMG-20220903-WA0009-760x1024.jpg?ssl=1&w=800&resize=800&ssl=1 800w, https:\/\/i1.wp.com\/interaccionnoticias.com.mx\/wp-content\/uploads\/2022\/09\/IMG-20220903-WA0009-760x1024.jpg?ssl=1&w=1024&resize=1024&ssl=1 1024w, https:\/\/i1.wp.com\/interaccionnoticias.com.mx\/wp-content\/uploads\/2022\/09\/IMG-20220903-WA0009-760x1024.jpg?ssl=1&w=1280&resize=1280&ssl=1 1280w, https:\/\/i1.wp.com\/interaccionnoticias.com.mx\/wp-content\/uploads\/2022\/09\/IMG-20220903-WA0009-760x1024.jpg?ssl=1&w=1600&resize=1600&ssl=1 1600w\" fifu-data-src=\"https:\/\/i1.wp.com\/interaccionnoticias.com.mx\/wp-content\/uploads\/2022\/09\/IMG-20220903-WA0009-760x1024.jpg?ssl=1\" alt=\"\" data-id=\"50056\" data-full-url=\"https:\/\/interaccionnoticias.com.mx\/wp-content\/uploads\/2022\/09\/IMG-20220903-WA0009.jpg\" data-link=\"https:\/\/interaccionnoticias.com.mx\/seguridad-publica\/50053\/attachment\/img-20220903-wa0009\/\" class=\"wp-image-50056\"\/><\/figure><\/li><\/ul><\/figure>\n","protected":false},"excerpt":{"rendered":"<p>&#8212; Tienen tres d\u00edas sin saber de ellas, dicen familiares Javier Trujillo Acapulco, Gro.- La desaparici\u00f3n de una madre y su hija menor, motiv\u00f3 que familiares y vecinos de bloquearon&hellip; <\/p>\n","protected":false},"author":3,"featured_media":50054,"comment_status":"open","ping_status":"open","sticky":false,"template":"","format":"standard","meta":{"fifu_image_url":"","fifu_image_alt":"","footnotes":""},"categories":[27],"tags":[],"class_list":["post-50053","post","type-post","status-publish","format-standard","has-post-thumbnail","hentry","category-seguridad-publica"],"_links":{"self":[{"href":"https:\/\/www.interaccionnoticias.com.mx\/index.php?rest_route=\/wp\/v2\/posts\/50053","targetHints":{"allow":["GET"]}}],"collection":[{"href":"https:\/\/www.interaccionnoticias.com.mx\/index.php?rest_route=\/wp\/v2\/posts"}],"about":[{"href":"https:\/\/www.interaccionnoticias.com.mx\/index.php?rest_route=\/wp\/v2\/types\/post"}],"author":[{"embeddable":true,"href":"https:\/\/www.interaccionnoticias.com.mx\/index.php?rest_route=\/wp\/v2\/users\/3"}],"replies":[{"embeddable":true,"href":"https:\/\/www.interaccionnoticias.com.mx\/index.php?rest_route=%2Fwp%2Fv2%2Fcomments&post=50053"}],"version-history":[{"count":2,"href":"https:\/\/www.interaccionnoticias.com.mx\/index.php?rest_route=\/wp\/v2\/posts\/50053\/revisions"}],"predecessor-version":[{"id":50057,"href":"https:\/\/www.interaccionnoticias.com.mx\/index.php?rest_route=\/wp\/v2\/posts\/50053\/revisions\/50057"}],"wp:featuredmedia":[{"embeddable":true,"href":"https:\/\/www.interaccionnoticias.com.mx\/index.php?rest_route=\/wp\/v2\/media\/50054"}],"wp:attachment":[{"href":"https:\/\/www.interaccionnoticias.com.mx\/index.php?rest_route=%2Fwp%2Fv2%2Fmedia&parent=50053"}],"wp:term":[{"taxonomy":"category","embeddable":true,"href":"https:\/\/www.interaccionnoticias.com.mx\/index.php?rest_route=%2Fwp%2Fv2%2Fcategories&post=50053"},{"taxonomy":"post_tag","embeddable":true,"href":"https:\/\/www.interaccionnoticias.com.mx\/index.php?rest_route=%2Fwp%2Fv2%2Ftags&post=50053"}],"curies":[{"name":"wp","href":"https:\/\/api.w.org\/{rel}","templated":true}]}}