{"id":50047,"date":"2022-09-03T16:53:33","date_gmt":"2022-09-03T21:53:33","guid":{"rendered":"https:\/\/interaccionnoticias.com.mx\/?p=50047"},"modified":"2022-09-03T16:53:38","modified_gmt":"2022-09-03T21:53:38","slug":"ejecutan-a-un-hombre-a-balazos-en-acapulco","status":"publish","type":"post","link":"https:\/\/www.interaccionnoticias.com.mx\/?p=50047","title":{"rendered":"Ejecutan a un hombre a balazos en Acapulco"},"content":{"rendered":"\n<p>&#8212; En cuerpo presentaba heridas en cabeza y t\u00f3rax<\/p>\n\n\n\n<p>Javier Trujillo<\/p>\n\n\n\n<p>Acapulco, Gro. \u2013 Este s\u00e1bado a inmediaciones de la ex zona de tolerancia, en la colonia Miguel Alem\u00e1n en Acapulco, qued\u00f3 el cuerpo de un hombre, con varios disparos de arma de grueso calibre.<\/p>\n\n\n\n<p>El cad\u00e1ver qued\u00f3 bocabajo, en la calle Mal Paso y Cerrada de Mal Paso, en la citada colonia, junto con una cartulina, cerca de un predio bald\u00edo y una puerta met\u00e1lica.<\/p>\n\n\n\n<p>La v\u00edctima, presentaba al menos dos impactos de arma de grueso calibre en la cabeza y el t\u00f3rax.<\/p>\n\n\n\n<p>Tras la llamada an\u00f3nima, hasta la escena del crimen arribaron efectivos de corporaciones policiales y militares.<\/p>\n\n\n\n<p>De inmediato, acordonaron el \u00e1rea autoridades ministeriales y la Polic\u00eda Urbana, adscrita a la Secretar\u00eda de Seguridad P\u00fablica de Acapulco.<\/p>\n\n\n\n<p>M\u00e1s tarde lleg\u00f3 el personal de Servicios Periciales, que realizaron las diligencias y hallaron al menos dos casquillos de arma de fuego.<\/p>\n\n\n\n<p>Una vez, terminados los trabajos, se orden\u00f3 el levantamiento cadav\u00e9rico y el cuerpo fue llevado por personal del Servicio M\u00e9dico Forense (SEMEFO) a la morgue de El Quemado, en la zona norte del puerto de Acapulco.<br><\/p>\n","protected":false},"excerpt":{"rendered":"<p>&#8212; En cuerpo presentaba heridas en cabeza y t\u00f3rax Javier Trujillo Acapulco, Gro. \u2013 Este s\u00e1bado a inmediaciones de la ex zona de tolerancia, en la colonia Miguel Alem\u00e1n en&hellip; <\/p>\n","protected":false},"author":3,"featured_media":50048,"comment_status":"open","ping_status":"open","sticky":false,"template":"","format":"standard","meta":{"fifu_image_url":"","fifu_image_alt":"","footnotes":""},"categories":[27],"tags":[],"class_list":["post-50047","post","type-post","status-publish","format-standard","has-post-thumbnail","hentry","category-seguridad-publica"],"_links":{"self":[{"href":"https:\/\/www.interaccionnoticias.com.mx\/index.php?rest_route=\/wp\/v2\/posts\/50047","targetHints":{"allow":["GET"]}}],"collection":[{"href":"https:\/\/www.interaccionnoticias.com.mx\/index.php?rest_route=\/wp\/v2\/posts"}],"about":[{"href":"https:\/\/www.interaccionnoticias.com.mx\/index.php?rest_route=\/wp\/v2\/types\/post"}],"author":[{"embeddable":true,"href":"https:\/\/www.interaccionnoticias.com.mx\/index.php?rest_route=\/wp\/v2\/users\/3"}],"replies":[{"embeddable":true,"href":"https:\/\/www.interaccionnoticias.com.mx\/index.php?rest_route=%2Fwp%2Fv2%2Fcomments&post=50047"}],"version-history":[{"count":1,"href":"https:\/\/www.interaccionnoticias.com.mx\/index.php?rest_route=\/wp\/v2\/posts\/50047\/revisions"}],"predecessor-version":[{"id":50049,"href":"https:\/\/www.interaccionnoticias.com.mx\/index.php?rest_route=\/wp\/v2\/posts\/50047\/revisions\/50049"}],"wp:featuredmedia":[{"embeddable":true,"href":"https:\/\/www.interaccionnoticias.com.mx\/index.php?rest_route=\/wp\/v2\/media\/50048"}],"wp:attachment":[{"href":"https:\/\/www.interaccionnoticias.com.mx\/index.php?rest_route=%2Fwp%2Fv2%2Fmedia&parent=50047"}],"wp:term":[{"taxonomy":"category","embeddable":true,"href":"https:\/\/www.interaccionnoticias.com.mx\/index.php?rest_route=%2Fwp%2Fv2%2Fcategories&post=50047"},{"taxonomy":"post_tag","embeddable":true,"href":"https:\/\/www.interaccionnoticias.com.mx\/index.php?rest_route=%2Fwp%2Fv2%2Ftags&post=50047"}],"curies":[{"name":"wp","href":"https:\/\/api.w.org\/{rel}","templated":true}]}}