{"id":50016,"date":"2022-09-02T17:00:38","date_gmt":"2022-09-02T22:00:38","guid":{"rendered":"https:\/\/interaccionnoticias.com.mx\/?p=50016"},"modified":"2022-09-02T17:00:43","modified_gmt":"2022-09-02T22:00:43","slug":"no-confirman-de-casos-de-viruela-del-mono-en-guerrero","status":"publish","type":"post","link":"https:\/\/www.interaccionnoticias.com.mx\/?p=50016","title":{"rendered":"No confirman de casos de viruela del mono en Guerrero"},"content":{"rendered":"\n<p><strong>Javier Trujillo<\/strong><\/p>\n\n\n\n<p><strong>Acapulco, Gro.-<\/strong> La Secretar\u00eda de Salud Guerrero, inform\u00f3 que hasta este viernes no existe ning\u00fan caso confirmado de la viruela s\u00edmica en la entidad, como se se\u00f1al\u00f3 en diversos medios de comunicaci\u00f3n en plataforma y otras publicaciones.<\/p>\n\n\n\n<p>Se precisa que desde el 28 de mayo, cuando se confirm\u00f3 el primer caso de esta enfermedad en el pa\u00eds, la SSG ha mantenido permanente y estricta vigilancia epidemiol\u00f3gica con el fin de que al primer s\u00edntoma sospechoso se puedan tomar pruebas para as\u00ed poder confirmar o descartar alg\u00fan caso.<\/p>\n\n\n\n<p>Destac\u00f3 que gracias a esta vigilancia, en las siete regiones del estado, hasta el momento se ha logrado contener la enfermedad.<\/p>\n\n\n\n<p>La secretaria de salud, record\u00f3 que la viruela del mono se transmite por contacto directo con las secreciones de una persona enferma a trav\u00e9s de mucosas o lesiones de la piel, estornudos y objetos contaminados con los l\u00edquidos corporales.<\/p>\n\n\n\n<p>Los s\u00edntomas son: Sarpullido que podr\u00eda ubicarse en el \u00e1rea genital o cerca de dicha zona, tambi\u00e9n podr\u00eda aparecer en otras partes del cuerpo, como manos, pies, pecho, y el rostro o la boca.<\/p>\n\n\n\n<p>La SSG recomienda a la poblaci\u00f3n que, ante cualquier sospecha de la enfermedad, acuda a solicitar atenci\u00f3n m\u00e9dica, con el fin de mantener bajo control la enfermedad.<\/p>\n","protected":false},"excerpt":{"rendered":"<p>Javier Trujillo Acapulco, Gro.- La Secretar\u00eda de Salud Guerrero, inform\u00f3 que hasta este viernes no existe ning\u00fan caso confirmado de la viruela s\u00edmica en la entidad, como se se\u00f1al\u00f3 en&hellip; <\/p>\n","protected":false},"author":3,"featured_media":50017,"comment_status":"open","ping_status":"open","sticky":false,"template":"","format":"standard","meta":{"fifu_image_url":"","fifu_image_alt":"","footnotes":""},"categories":[26],"tags":[],"class_list":["post-50016","post","type-post","status-publish","format-standard","has-post-thumbnail","hentry","category-salud"],"_links":{"self":[{"href":"https:\/\/www.interaccionnoticias.com.mx\/index.php?rest_route=\/wp\/v2\/posts\/50016","targetHints":{"allow":["GET"]}}],"collection":[{"href":"https:\/\/www.interaccionnoticias.com.mx\/index.php?rest_route=\/wp\/v2\/posts"}],"about":[{"href":"https:\/\/www.interaccionnoticias.com.mx\/index.php?rest_route=\/wp\/v2\/types\/post"}],"author":[{"embeddable":true,"href":"https:\/\/www.interaccionnoticias.com.mx\/index.php?rest_route=\/wp\/v2\/users\/3"}],"replies":[{"embeddable":true,"href":"https:\/\/www.interaccionnoticias.com.mx\/index.php?rest_route=%2Fwp%2Fv2%2Fcomments&post=50016"}],"version-history":[{"count":1,"href":"https:\/\/www.interaccionnoticias.com.mx\/index.php?rest_route=\/wp\/v2\/posts\/50016\/revisions"}],"predecessor-version":[{"id":50018,"href":"https:\/\/www.interaccionnoticias.com.mx\/index.php?rest_route=\/wp\/v2\/posts\/50016\/revisions\/50018"}],"wp:featuredmedia":[{"embeddable":true,"href":"https:\/\/www.interaccionnoticias.com.mx\/index.php?rest_route=\/wp\/v2\/media\/50017"}],"wp:attachment":[{"href":"https:\/\/www.interaccionnoticias.com.mx\/index.php?rest_route=%2Fwp%2Fv2%2Fmedia&parent=50016"}],"wp:term":[{"taxonomy":"category","embeddable":true,"href":"https:\/\/www.interaccionnoticias.com.mx\/index.php?rest_route=%2Fwp%2Fv2%2Fcategories&post=50016"},{"taxonomy":"post_tag","embeddable":true,"href":"https:\/\/www.interaccionnoticias.com.mx\/index.php?rest_route=%2Fwp%2Fv2%2Ftags&post=50016"}],"curies":[{"name":"wp","href":"https:\/\/api.w.org\/{rel}","templated":true}]}}