{"id":50013,"date":"2022-09-02T16:57:21","date_gmt":"2022-09-02T21:57:21","guid":{"rendered":"https:\/\/interaccionnoticias.com.mx\/?p=50013"},"modified":"2022-09-02T16:57:25","modified_gmt":"2022-09-02T21:57:25","slug":"inician-capacitacion-de-programa-piloto-de-transporte-publico-para-mujeres-en-acapulco-y-chilpancingo","status":"publish","type":"post","link":"https:\/\/www.interaccionnoticias.com.mx\/?p=50013","title":{"rendered":"Inician capacitaci\u00f3n de programa piloto de transporte p\u00fablico para mujeres en Acapulco y Chilpancingo"},"content":{"rendered":"\n<p><strong><em>&#8212; Forma parte de la estrategia del Protocolo Violeta puesta en marcha por la gobernadora Evelyn Salgado Pineda<\/em><\/strong><\/p>\n\n\n\n<p><strong>Chilpancingo, Gro., 2 de septiembre de 2022.-<\/strong> El gobierno de Guerrero inici\u00f3 la capacitaci\u00f3n de trabajadoras y trabajadores del volante, previo a la puesta en marcha del Transporte Violeta, un programa piloto que funcionar\u00e1 en Chilpancingo y Acapulco, un servicio exclusivo de movilidad para mujeres, inform\u00f3 C\u00e9sar Cruz Castillo representante de la secretar\u00eda t\u00e9cnica de la gobernadora, quien precis\u00f3 que lo anterior forma parte de la estrategia que instruy\u00f3 la mandataria estatal Evelyn Salgado Pineda para atender, prevenir y erradicar la violencia contra las mujeres.<\/p>\n\n\n\n<p>Al evento asistieron 150 mujeres y hombres integrantes de la Uni\u00f3n de Transportistas y Organizaciones del estado, entre choferes y radioperadores del servicio, quienes fueron informados de los objetivos y prop\u00f3sitos de dicho programa, as\u00ed como la manera en que pueden intervenir cuando sean testigos de alg\u00fan tipo de violencia en contra de alguna usuaria del transporte p\u00fablico.<\/p>\n\n\n\n<p>Agreg\u00f3 que Transporte Violeta es un sistema de movilidad, que contempla la designaci\u00f3n de transporte masivo como el Acab\u00fas y en el caso de Chilpancingo, de las urvans para uso exclusivo de mujeres y menores de doce a\u00f1os y que se complementar\u00e1 con la aplicaci\u00f3n Mujer Segura 911 que present\u00f3 hace unos d\u00edas como parte del Protocolo Violeta.<\/p>\n\n\n\n<p>El funcionario explic\u00f3 que en Guerrero tenemos dos alertas por violencia de g\u00e9nero en nueve municipios y que por ello es prioridad de la gobernadora atender esta problem\u00e1tica con pol\u00edticas p\u00fablicas precisas, eficaces y en las que participen tambi\u00e9n las organizaciones y las instituciones de la sociedad civil.<\/p>\n\n\n\n<p>Mencion\u00f3 que este tipo de acciones ya operan en otros estados y que en Guerrero se pretende constituir un sistema de movilidad con perspectiva de g\u00e9nero que, adem\u00e1s del transporte exclusivo, incluya la generaci\u00f3n de un bot\u00f3n de p\u00e1nico a trav\u00e9s de la app de uso exclusivo de mujeres para que, en caso de sentirse en riesgo, de inmediato se active el 911 y se atienda la situaci\u00f3n; tambi\u00e9n se incluir\u00e1 un directorio de sitios de taxis aliados con n\u00fameros verificados, para que cualquier mujer pueda solicitar el servicio de manera confiable.<\/p>\n\n\n\n<p>Al evento asisti\u00f3 tambi\u00e9n el director de Transporte Arturo Salinas Sandoval, qui\u00e9n dio la bienvenida y agradeci\u00f3 la participaci\u00f3n de los trabajadores para la puesta en marcha de este nuevo sistema de movilidad.<\/p>\n","protected":false},"excerpt":{"rendered":"<p>&#8212; Forma parte de la estrategia del Protocolo Violeta puesta en marcha por la gobernadora Evelyn Salgado Pineda Chilpancingo, Gro., 2 de septiembre de 2022.- El gobierno de Guerrero inici\u00f3&hellip; <\/p>\n","protected":false},"author":19,"featured_media":50014,"comment_status":"open","ping_status":"open","sticky":false,"template":"","format":"standard","meta":{"fifu_image_url":"","fifu_image_alt":"","footnotes":""},"categories":[11],"tags":[],"class_list":["post-50013","post","type-post","status-publish","format-standard","has-post-thumbnail","hentry","category-guerrero"],"_links":{"self":[{"href":"https:\/\/www.interaccionnoticias.com.mx\/index.php?rest_route=\/wp\/v2\/posts\/50013","targetHints":{"allow":["GET"]}}],"collection":[{"href":"https:\/\/www.interaccionnoticias.com.mx\/index.php?rest_route=\/wp\/v2\/posts"}],"about":[{"href":"https:\/\/www.interaccionnoticias.com.mx\/index.php?rest_route=\/wp\/v2\/types\/post"}],"author":[{"embeddable":true,"href":"https:\/\/www.interaccionnoticias.com.mx\/index.php?rest_route=\/wp\/v2\/users\/19"}],"replies":[{"embeddable":true,"href":"https:\/\/www.interaccionnoticias.com.mx\/index.php?rest_route=%2Fwp%2Fv2%2Fcomments&post=50013"}],"version-history":[{"count":1,"href":"https:\/\/www.interaccionnoticias.com.mx\/index.php?rest_route=\/wp\/v2\/posts\/50013\/revisions"}],"predecessor-version":[{"id":50015,"href":"https:\/\/www.interaccionnoticias.com.mx\/index.php?rest_route=\/wp\/v2\/posts\/50013\/revisions\/50015"}],"wp:featuredmedia":[{"embeddable":true,"href":"https:\/\/www.interaccionnoticias.com.mx\/index.php?rest_route=\/wp\/v2\/media\/50014"}],"wp:attachment":[{"href":"https:\/\/www.interaccionnoticias.com.mx\/index.php?rest_route=%2Fwp%2Fv2%2Fmedia&parent=50013"}],"wp:term":[{"taxonomy":"category","embeddable":true,"href":"https:\/\/www.interaccionnoticias.com.mx\/index.php?rest_route=%2Fwp%2Fv2%2Fcategories&post=50013"},{"taxonomy":"post_tag","embeddable":true,"href":"https:\/\/www.interaccionnoticias.com.mx\/index.php?rest_route=%2Fwp%2Fv2%2Ftags&post=50013"}],"curies":[{"name":"wp","href":"https:\/\/api.w.org\/{rel}","templated":true}]}}