{"id":50010,"date":"2022-09-02T16:55:00","date_gmt":"2022-09-02T21:55:00","guid":{"rendered":"https:\/\/interaccionnoticias.com.mx\/?p=50010"},"modified":"2022-09-02T16:55:05","modified_gmt":"2022-09-02T21:55:05","slug":"ningun-miembro-de-la-upoeg-fue-llamado-a-declarar-por-el-caso-fredid-roman","status":"publish","type":"post","link":"https:\/\/www.interaccionnoticias.com.mx\/?p=50010","title":{"rendered":"Ning\u00fan miembro de la UPOEG fue llamado a declarar por el caso Fredid Rom\u00e1n"},"content":{"rendered":"\n<p><strong><em>&#8212; Pese al se\u00f1alamiento contra Deivid Barrientos<\/em><\/strong><\/p>\n\n\n\n<p><strong>Jes\u00fas Dorantes<\/strong><\/p>\n\n\n\n<p><strong>Chilpancingo, Gro.-<\/strong> El vocero de la Uni\u00f3n de Pueblos y Organizaciones del Estado de Guerrero (UPOEG), Bruno Pl\u00e1cido Valerio confirm\u00f3 que ning\u00fan miembro del Sistema de Seguridad y Justicia Ciudadana (SS y JC) ha sido llamado a comparecer o declarar por el asesinato del periodista Fredy Rom\u00e1n Rom\u00e1n.<\/p>\n\n\n\n<p>El pasado 22 de agosto del presente a\u00f1o, el editor del peri\u00f3dico \u00abLa Realidad\u00bb, Fredid Rom\u00e1n Rom\u00e1n fue asesinado en el municipio de Chilpancingo por hombres desconocidos.<\/p>\n\n\n\n<p>Un d\u00eda despu\u00e9s, sus familiares se\u00f1alaron al comandante de la UPOEG Jos\u00e9 Deivid Barrientos Salazar, radicado en la comunidad del Ocotito, como uno de los responsables intelectuales del crimen.<\/p>\n\n\n\n<p>Cuestionado sobre la posibilidad de que alg\u00fan miembro de la organizaci\u00f3n haya sido citado a comparecer, Pl\u00e1cido Valerio se\u00f1al\u00f3 que hasta el momento, ninguna autoridad ha citado a comparecer a ning\u00fan integrante de la organizaci\u00f3n.<\/p>\n\n\n\n<p>\u00abYo no tengo ninguna informaci\u00f3n, nosotros debimos ser llamados para declarar si sabemos o no, o para aportar datos, pero muchas veces ante los celos de las autoridades no permiten que uno participe en las investigaciones\u201d.<\/p>\n\n\n\n<p>Pl\u00e1cido confirm\u00f3 que manten\u00eda comunicaci\u00f3n con el director del peri\u00f3dico La Realidad desde la muerte de su hijo, registrada en el mes de julio.<\/p>\n\n\n\n<p>\u00abYo tenia comunicaci\u00f3n con Fredid, porque se dio un asunto en Ocotito, en el que mataron a uno de sus hijos, yo creo que hay varias l\u00edneas de investigaci\u00f3n, pero no puedo mencionarlas para no entorpecer el caso\u00bb.<\/p>\n\n\n\n<p>Manifest\u00f3 que dejaran en manos de las autoridades el deslinde de la responsabilidad, particularmente si alg\u00fan miembro de la Polic\u00eda Ciudadana, incluso el mismo comandante Barrientos fue el que orden\u00f3 el asesinato.<\/p>\n","protected":false},"excerpt":{"rendered":"<p>&#8212; Pese al se\u00f1alamiento contra Deivid Barrientos Jes\u00fas Dorantes Chilpancingo, Gro.- El vocero de la Uni\u00f3n de Pueblos y Organizaciones del Estado de Guerrero (UPOEG), Bruno Pl\u00e1cido Valerio confirm\u00f3 que&hellip; <\/p>\n","protected":false},"author":8,"featured_media":50011,"comment_status":"open","ping_status":"open","sticky":false,"template":"","format":"standard","meta":{"fifu_image_url":"","fifu_image_alt":"","footnotes":""},"categories":[27],"tags":[],"class_list":["post-50010","post","type-post","status-publish","format-standard","has-post-thumbnail","hentry","category-seguridad-publica"],"_links":{"self":[{"href":"https:\/\/www.interaccionnoticias.com.mx\/index.php?rest_route=\/wp\/v2\/posts\/50010","targetHints":{"allow":["GET"]}}],"collection":[{"href":"https:\/\/www.interaccionnoticias.com.mx\/index.php?rest_route=\/wp\/v2\/posts"}],"about":[{"href":"https:\/\/www.interaccionnoticias.com.mx\/index.php?rest_route=\/wp\/v2\/types\/post"}],"author":[{"embeddable":true,"href":"https:\/\/www.interaccionnoticias.com.mx\/index.php?rest_route=\/wp\/v2\/users\/8"}],"replies":[{"embeddable":true,"href":"https:\/\/www.interaccionnoticias.com.mx\/index.php?rest_route=%2Fwp%2Fv2%2Fcomments&post=50010"}],"version-history":[{"count":1,"href":"https:\/\/www.interaccionnoticias.com.mx\/index.php?rest_route=\/wp\/v2\/posts\/50010\/revisions"}],"predecessor-version":[{"id":50012,"href":"https:\/\/www.interaccionnoticias.com.mx\/index.php?rest_route=\/wp\/v2\/posts\/50010\/revisions\/50012"}],"wp:featuredmedia":[{"embeddable":true,"href":"https:\/\/www.interaccionnoticias.com.mx\/index.php?rest_route=\/wp\/v2\/media\/50011"}],"wp:attachment":[{"href":"https:\/\/www.interaccionnoticias.com.mx\/index.php?rest_route=%2Fwp%2Fv2%2Fmedia&parent=50010"}],"wp:term":[{"taxonomy":"category","embeddable":true,"href":"https:\/\/www.interaccionnoticias.com.mx\/index.php?rest_route=%2Fwp%2Fv2%2Fcategories&post=50010"},{"taxonomy":"post_tag","embeddable":true,"href":"https:\/\/www.interaccionnoticias.com.mx\/index.php?rest_route=%2Fwp%2Fv2%2Ftags&post=50010"}],"curies":[{"name":"wp","href":"https:\/\/api.w.org\/{rel}","templated":true}]}}