{"id":50003,"date":"2022-09-02T14:50:19","date_gmt":"2022-09-02T19:50:19","guid":{"rendered":"https:\/\/interaccionnoticias.com.mx\/?p=50003"},"modified":"2022-09-02T14:50:24","modified_gmt":"2022-09-02T19:50:24","slug":"dos-ejecutados-en-acapulco","status":"publish","type":"post","link":"https:\/\/www.interaccionnoticias.com.mx\/?p=50003","title":{"rendered":"Dos ejecutados en Acapulco"},"content":{"rendered":"\n<p>&#8212; Uno en viaducto Diamante<br>&#8212; Otro en la zona urbana del puerto a golpes y rematado a balazos<\/p>\n\n\n\n<p>&#8212; Ocho en las \u00faltimas 48 horas<\/p>\n\n\n\n<p>Javier Trujillo<\/p>\n\n\n\n<p>Acapulco, Gro.- La madrugada de este viernes dos hombres fueron ultimados a balazos y su cuerpo arrojado a un costado del viaducto Diamante y en la zona urbana del puerto de Acapulco.<\/p>\n\n\n\n<p>En el primer caso, la v\u00edctima fue asesinada al filo de las 06:30 horas a balazos y el cad\u00e1ver localizado a la vera del Viaducto Diamante del puerto.<\/p>\n\n\n\n<p>El cad\u00e1ver, de acuerdo al parte policial, refiere que el hallazgo se habr\u00eda realizado a las 06:30 horas a la altura del kil\u00f3metro 18, y el cuerpo qued\u00f3 con direcci\u00f3n a la caseta de La Venta, en la comunidad de Los Playones, zona rural del puerto de Acapulco.<\/p>\n\n\n\n<p>En la escena del crimen, el personal de servicios periciales encontraron dos casquillos percutidos calibre nueve mil\u00edmetros.<\/p>\n\n\n\n<p>Casi de manera simult\u00e1nea un hombre fue asesinado a golpes y rematado a balazos en las inmediaciones de las colonias Miguel Alem\u00e1n y Hogar Moderno.<\/p>\n\n\n\n<p>El cuerpo de la v\u00edctima evidencia huellas de tortura, y privado de la vida con la menos dos disparos de arma de grueso calibre.<\/p>\n\n\n\n<p>La zona fue acordonado por autoridades de la Polic\u00eda Investigadora Ministerial, quienes acordonaron la zona.<\/p>\n\n\n\n<p>Testigos del hecho, acusan que la v\u00edctima fue arrojada desde un veh\u00edculo.<\/p>\n\n\n\n<p>El cuerpo de la v\u00edctima qued\u00f3 frente al hotel Bohio, muy cerca del taller de autobuses de la Estrella Blanca, en las citadas colonias, en la zona urbana del puerto.<\/p>\n\n\n\n<p>En ambos casos se realizaron las diligencias y se procedi\u00f3 a realizar el levantamiento cad\u00e1verico de las dos v\u00edctimas quienes se encuentran en calidad de desconocidos, y los dos fueron trasladados al Servicio M\u00e9dico Forense (SEMEFO), en el poblado de El Quemado.<br><\/p>\n\n\n\n<figure class=\"wp-block-gallery columns-2 is-cropped wp-block-gallery-1 is-layout-flex wp-block-gallery-is-layout-flex\"><ul class=\"blocks-gallery-grid\"><li class=\"blocks-gallery-item\"><figure><img decoding=\"async\" src=\"data:image\/gif;base64,R0lGODlhAQABAIAAAAAAAP\/\/\/ywAAAAAAQABAAACAUwAOw==\" fifu-lazy=\"1\" fifu-data-sizes=\"auto\" fifu-data-srcset=\"https:\/\/i0.wp.com\/interaccionnoticias.com.mx\/wp-content\/uploads\/2022\/09\/ejecutados-en-Acapulco-1-1024x683.jpg?ssl=1&w=75&resize=75&ssl=1 75w, https:\/\/i0.wp.com\/interaccionnoticias.com.mx\/wp-content\/uploads\/2022\/09\/ejecutados-en-Acapulco-1-1024x683.jpg?ssl=1&w=100&resize=100&ssl=1 100w, https:\/\/i0.wp.com\/interaccionnoticias.com.mx\/wp-content\/uploads\/2022\/09\/ejecutados-en-Acapulco-1-1024x683.jpg?ssl=1&w=150&resize=150&ssl=1 150w, https:\/\/i0.wp.com\/interaccionnoticias.com.mx\/wp-content\/uploads\/2022\/09\/ejecutados-en-Acapulco-1-1024x683.jpg?ssl=1&w=240&resize=240&ssl=1 240w, https:\/\/i0.wp.com\/interaccionnoticias.com.mx\/wp-content\/uploads\/2022\/09\/ejecutados-en-Acapulco-1-1024x683.jpg?ssl=1&w=320&resize=320&ssl=1 320w, https:\/\/i0.wp.com\/interaccionnoticias.com.mx\/wp-content\/uploads\/2022\/09\/ejecutados-en-Acapulco-1-1024x683.jpg?ssl=1&w=500&resize=500&ssl=1 500w, https:\/\/i0.wp.com\/interaccionnoticias.com.mx\/wp-content\/uploads\/2022\/09\/ejecutados-en-Acapulco-1-1024x683.jpg?ssl=1&w=640&resize=640&ssl=1 640w, https:\/\/i0.wp.com\/interaccionnoticias.com.mx\/wp-content\/uploads\/2022\/09\/ejecutados-en-Acapulco-1-1024x683.jpg?ssl=1&w=800&resize=800&ssl=1 800w, https:\/\/i0.wp.com\/interaccionnoticias.com.mx\/wp-content\/uploads\/2022\/09\/ejecutados-en-Acapulco-1-1024x683.jpg?ssl=1&w=1024&resize=1024&ssl=1 1024w, https:\/\/i0.wp.com\/interaccionnoticias.com.mx\/wp-content\/uploads\/2022\/09\/ejecutados-en-Acapulco-1-1024x683.jpg?ssl=1&w=1280&resize=1280&ssl=1 1280w, https:\/\/i0.wp.com\/interaccionnoticias.com.mx\/wp-content\/uploads\/2022\/09\/ejecutados-en-Acapulco-1-1024x683.jpg?ssl=1&w=1600&resize=1600&ssl=1 1600w\" fifu-data-src=\"https:\/\/i0.wp.com\/interaccionnoticias.com.mx\/wp-content\/uploads\/2022\/09\/ejecutados-en-Acapulco-1-1024x683.jpg?ssl=1\" alt=\"\" data-id=\"50004\" data-full-url=\"https:\/\/interaccionnoticias.com.mx\/wp-content\/uploads\/2022\/09\/ejecutados-en-Acapulco-1.jpg\" data-link=\"https:\/\/interaccionnoticias.com.mx\/?attachment_id=50004\" class=\"wp-image-50004\"\/><\/figure><\/li><li class=\"blocks-gallery-item\"><figure><img decoding=\"async\" src=\"data:image\/gif;base64,R0lGODlhAQABAIAAAAAAAP\/\/\/ywAAAAAAQABAAACAUwAOw==\" fifu-lazy=\"1\" fifu-data-sizes=\"auto\" fifu-data-srcset=\"https:\/\/i3.wp.com\/interaccionnoticias.com.mx\/wp-content\/uploads\/2022\/09\/ejecutados-en-Acapulco-1024x683.jpg?ssl=1&w=75&resize=75&ssl=1 75w, https:\/\/i3.wp.com\/interaccionnoticias.com.mx\/wp-content\/uploads\/2022\/09\/ejecutados-en-Acapulco-1024x683.jpg?ssl=1&w=100&resize=100&ssl=1 100w, https:\/\/i3.wp.com\/interaccionnoticias.com.mx\/wp-content\/uploads\/2022\/09\/ejecutados-en-Acapulco-1024x683.jpg?ssl=1&w=150&resize=150&ssl=1 150w, https:\/\/i3.wp.com\/interaccionnoticias.com.mx\/wp-content\/uploads\/2022\/09\/ejecutados-en-Acapulco-1024x683.jpg?ssl=1&w=240&resize=240&ssl=1 240w, https:\/\/i3.wp.com\/interaccionnoticias.com.mx\/wp-content\/uploads\/2022\/09\/ejecutados-en-Acapulco-1024x683.jpg?ssl=1&w=320&resize=320&ssl=1 320w, https:\/\/i3.wp.com\/interaccionnoticias.com.mx\/wp-content\/uploads\/2022\/09\/ejecutados-en-Acapulco-1024x683.jpg?ssl=1&w=500&resize=500&ssl=1 500w, https:\/\/i3.wp.com\/interaccionnoticias.com.mx\/wp-content\/uploads\/2022\/09\/ejecutados-en-Acapulco-1024x683.jpg?ssl=1&w=640&resize=640&ssl=1 640w, https:\/\/i3.wp.com\/interaccionnoticias.com.mx\/wp-content\/uploads\/2022\/09\/ejecutados-en-Acapulco-1024x683.jpg?ssl=1&w=800&resize=800&ssl=1 800w, https:\/\/i3.wp.com\/interaccionnoticias.com.mx\/wp-content\/uploads\/2022\/09\/ejecutados-en-Acapulco-1024x683.jpg?ssl=1&w=1024&resize=1024&ssl=1 1024w, https:\/\/i3.wp.com\/interaccionnoticias.com.mx\/wp-content\/uploads\/2022\/09\/ejecutados-en-Acapulco-1024x683.jpg?ssl=1&w=1280&resize=1280&ssl=1 1280w, https:\/\/i3.wp.com\/interaccionnoticias.com.mx\/wp-content\/uploads\/2022\/09\/ejecutados-en-Acapulco-1024x683.jpg?ssl=1&w=1600&resize=1600&ssl=1 1600w\" fifu-data-src=\"https:\/\/i3.wp.com\/interaccionnoticias.com.mx\/wp-content\/uploads\/2022\/09\/ejecutados-en-Acapulco-1024x683.jpg?ssl=1\" alt=\"\" data-id=\"50005\" data-full-url=\"https:\/\/interaccionnoticias.com.mx\/wp-content\/uploads\/2022\/09\/ejecutados-en-Acapulco.jpg\" data-link=\"https:\/\/interaccionnoticias.com.mx\/?attachment_id=50005\" class=\"wp-image-50005\"\/><\/figure><\/li><\/ul><\/figure>\n","protected":false},"excerpt":{"rendered":"<p>&#8212; Uno en viaducto Diamante&#8212; Otro en la zona urbana del puerto a golpes y rematado a balazos &#8212; Ocho en las \u00faltimas 48 horas Javier Trujillo Acapulco, Gro.- La&hellip; <\/p>\n","protected":false},"author":3,"featured_media":50004,"comment_status":"open","ping_status":"open","sticky":false,"template":"","format":"standard","meta":{"fifu_image_url":"","fifu_image_alt":"","footnotes":""},"categories":[27],"tags":[],"class_list":["post-50003","post","type-post","status-publish","format-standard","has-post-thumbnail","hentry","category-seguridad-publica"],"_links":{"self":[{"href":"https:\/\/www.interaccionnoticias.com.mx\/index.php?rest_route=\/wp\/v2\/posts\/50003","targetHints":{"allow":["GET"]}}],"collection":[{"href":"https:\/\/www.interaccionnoticias.com.mx\/index.php?rest_route=\/wp\/v2\/posts"}],"about":[{"href":"https:\/\/www.interaccionnoticias.com.mx\/index.php?rest_route=\/wp\/v2\/types\/post"}],"author":[{"embeddable":true,"href":"https:\/\/www.interaccionnoticias.com.mx\/index.php?rest_route=\/wp\/v2\/users\/3"}],"replies":[{"embeddable":true,"href":"https:\/\/www.interaccionnoticias.com.mx\/index.php?rest_route=%2Fwp%2Fv2%2Fcomments&post=50003"}],"version-history":[{"count":1,"href":"https:\/\/www.interaccionnoticias.com.mx\/index.php?rest_route=\/wp\/v2\/posts\/50003\/revisions"}],"predecessor-version":[{"id":50006,"href":"https:\/\/www.interaccionnoticias.com.mx\/index.php?rest_route=\/wp\/v2\/posts\/50003\/revisions\/50006"}],"wp:featuredmedia":[{"embeddable":true,"href":"https:\/\/www.interaccionnoticias.com.mx\/index.php?rest_route=\/wp\/v2\/media\/50004"}],"wp:attachment":[{"href":"https:\/\/www.interaccionnoticias.com.mx\/index.php?rest_route=%2Fwp%2Fv2%2Fmedia&parent=50003"}],"wp:term":[{"taxonomy":"category","embeddable":true,"href":"https:\/\/www.interaccionnoticias.com.mx\/index.php?rest_route=%2Fwp%2Fv2%2Fcategories&post=50003"},{"taxonomy":"post_tag","embeddable":true,"href":"https:\/\/www.interaccionnoticias.com.mx\/index.php?rest_route=%2Fwp%2Fv2%2Ftags&post=50003"}],"curies":[{"name":"wp","href":"https:\/\/api.w.org\/{rel}","templated":true}]}}