{"id":49990,"date":"2022-09-01T20:18:52","date_gmt":"2022-09-02T01:18:52","guid":{"rendered":"https:\/\/interaccionnoticias.com.mx\/?p=49990"},"modified":"2022-09-01T20:18:57","modified_gmt":"2022-09-02T01:18:57","slug":"conflictos-en-el-sector-educativo-no-representan-un-riesgo-para-la-estabilidad-social-en-guerrero-senala-el-titular-de-la-seg","status":"publish","type":"post","link":"https:\/\/www.interaccionnoticias.com.mx\/?p=49990","title":{"rendered":"Conflictos en el sector Educativo no representan un riesgo para la estabilidad social en Guerrero, se\u00f1ala el titular de la SEG"},"content":{"rendered":"\n<p>&#8212; Los conflictos que se han presentado, se atienden con base al dialogo, se\u00f1ala Marcial Rodr\u00edguez Salda\u00f1a<\/p>\n\n\n\n<p>Rogelio Agust\u00edn<\/p>\n\n\n\n<p>El titular de la Secretar\u00eda de Educaci\u00f3n Guerrero (SEG), Marcial Rodr\u00edguez Salda\u00f1a sostuvo que el retorno a clases se ha desarrollado sin complicaciones en las siete regiones de la entidad, adem\u00e1s de que los problemas con el magisterio se est\u00e1n canalizando en las v\u00edas institucionales.<\/p>\n\n\n\n<p>Rodr\u00edguez Salda\u00f1a, se\u00f1al\u00f3 que el pasado lunes 29 de agosto, la gobernadora Evelyn Salgado Pineda puso en marcha el ciclo escolar 2022-2023, de tal suerte que las actividades que incorporan al ciclo escolar se han desarrollado con normalidad en todos los niveles educativos, con clases presenciales, gracias a que los contagios de Covid-19 se han reducido de manera considerable.<\/p>\n\n\n\n<p>Reconoci\u00f3 que hay problemas que han generado movilizaciones en diferentes puntos de la entidad, por lo que se ha dialogado con diferentes actores, entre ellos la Coordinadora Estatal de Trabajadores de la Educaci\u00f3n de Guerrero (CETEG).<\/p>\n\n\n\n<p>Tambi\u00e9n, dijo que tras la caravana que ten\u00eda agendada con trabajadores de la Normal Federal Rafael Ram\u00edrez, se ten\u00eda agendada una reuni\u00f3n de trabajo para este mi\u00e9rcoles, pero por alguna raz\u00f3n no llegaron a la cita.<\/p>\n\n\n\n<p>\u201cYo estuve con la estructura (de la SEG) en la Secretar\u00eda General de Gobierno, pero desconozco la raz\u00f3n por la que no llegaron\u201d, anot\u00f3.<\/p>\n\n\n\n<p>Con el resto de los actores del sector, indic\u00f3 que se trabaja para evitar que haya movimientos que afecten a terceros.<\/p>\n\n\n\n<p>A manera de ejemplo, dijo que tuvo la oportunidad de interceder en el caso del Colegio de Bachilleres, cuyo paro se levant\u00f3 durante la madrugada del mi\u00e9rcoles 31 de agosto.<\/p>\n\n\n\n<p>El caso de la Normal Rural de Ayotzinapa, que el martes pasado bloqueo por espacio de tres horas la Autopista del Sol, en la entrada sur de Chilpancingo, dijo que no fue convocado para dialogar, sin embargo, la subsecretar\u00eda correspondiente los atendi\u00f3.<\/p>\n\n\n\n<p>Hasta el momento, dijo que los asuntos que se tienen pendientes en el sector educativo, de ninguna manera representan un riesgo para la estabilidad social de la entidad.<br><\/p>\n","protected":false},"excerpt":{"rendered":"<p>&#8212; Los conflictos que se han presentado, se atienden con base al dialogo, se\u00f1ala Marcial Rodr\u00edguez Salda\u00f1a Rogelio Agust\u00edn El titular de la Secretar\u00eda de Educaci\u00f3n Guerrero (SEG), Marcial Rodr\u00edguez&hellip; <\/p>\n","protected":false},"author":21,"featured_media":49991,"comment_status":"open","ping_status":"open","sticky":false,"template":"","format":"standard","meta":{"fifu_image_url":"","fifu_image_alt":"","footnotes":""},"categories":[6],"tags":[],"class_list":["post-49990","post","type-post","status-publish","format-standard","has-post-thumbnail","hentry","category-educacion"],"_links":{"self":[{"href":"https:\/\/www.interaccionnoticias.com.mx\/index.php?rest_route=\/wp\/v2\/posts\/49990","targetHints":{"allow":["GET"]}}],"collection":[{"href":"https:\/\/www.interaccionnoticias.com.mx\/index.php?rest_route=\/wp\/v2\/posts"}],"about":[{"href":"https:\/\/www.interaccionnoticias.com.mx\/index.php?rest_route=\/wp\/v2\/types\/post"}],"author":[{"embeddable":true,"href":"https:\/\/www.interaccionnoticias.com.mx\/index.php?rest_route=\/wp\/v2\/users\/21"}],"replies":[{"embeddable":true,"href":"https:\/\/www.interaccionnoticias.com.mx\/index.php?rest_route=%2Fwp%2Fv2%2Fcomments&post=49990"}],"version-history":[{"count":1,"href":"https:\/\/www.interaccionnoticias.com.mx\/index.php?rest_route=\/wp\/v2\/posts\/49990\/revisions"}],"predecessor-version":[{"id":49992,"href":"https:\/\/www.interaccionnoticias.com.mx\/index.php?rest_route=\/wp\/v2\/posts\/49990\/revisions\/49992"}],"wp:featuredmedia":[{"embeddable":true,"href":"https:\/\/www.interaccionnoticias.com.mx\/index.php?rest_route=\/wp\/v2\/media\/49991"}],"wp:attachment":[{"href":"https:\/\/www.interaccionnoticias.com.mx\/index.php?rest_route=%2Fwp%2Fv2%2Fmedia&parent=49990"}],"wp:term":[{"taxonomy":"category","embeddable":true,"href":"https:\/\/www.interaccionnoticias.com.mx\/index.php?rest_route=%2Fwp%2Fv2%2Fcategories&post=49990"},{"taxonomy":"post_tag","embeddable":true,"href":"https:\/\/www.interaccionnoticias.com.mx\/index.php?rest_route=%2Fwp%2Fv2%2Ftags&post=49990"}],"curies":[{"name":"wp","href":"https:\/\/api.w.org\/{rel}","templated":true}]}}