{"id":49984,"date":"2022-09-01T18:11:45","date_gmt":"2022-09-01T23:11:45","guid":{"rendered":"https:\/\/interaccionnoticias.com.mx\/?p=49984"},"modified":"2022-09-01T18:11:50","modified_gmt":"2022-09-01T23:11:50","slug":"promotores-de-nuevos-municipios-advierten-que-no-quieren-imposicion-de-autoridades","status":"publish","type":"post","link":"https:\/\/www.interaccionnoticias.com.mx\/?p=49984","title":{"rendered":"Promotores de nuevos municipios advierten que no quieren imposici\u00f3n de autoridades"},"content":{"rendered":"\n<p><em><strong>&#8212; Las comunidades segregadas exigen que se les tome en cuenta, o inevitablemente habr\u00e1 conflictos<br>&#8212; Santa Cruz del Rinc\u00f3n, \u00d1uu Savi, Las Vigas y San Nicol\u00e1s piden comenzar su vida como nuevos municipios en paz, sin imposiciones<\/strong><\/em><\/p>\n\n\n\n<p><strong>Rogelio Agust\u00edn<\/strong><\/p>\n\n\n\n<p>Representantes de cuatro municipios de reciente creaci\u00f3n se reunieron con el Gobierno del estado y el Congreso local, plantearon la necesidad de que los cabildos instituyentes se integren con el consenso de las comunidades que los integran, no en las c\u00fapulas de los partidos pol\u00edticos ni en los pasillos de los poderes p\u00fablicos.<\/p>\n\n\n\n<p>Los representantes de San Nicol\u00e1s; \u00d1uu Savi, Santa Cruz del Rinc\u00f3n y Las Vigas, estuvieron la jornada del jueves en la capital del estado para reunirse con los representantes de los poderes Ejecutivo y Legislativo locales.<\/p>\n\n\n\n<p>Muy temprano acudieron a las instalaciones del Congreso local, pero no consiguieron que se les atendiera porque los diputados estaban inmersos en los trabajos de instalaci\u00f3n del Segundo a\u00f1o de Ejercicio Constitucional, adem\u00e1s de la entrega recepci\u00f3n de la Mesa Directiva.<\/p>\n\n\n\n<p>Entonces acudieron al Palacio de Gobierno, donde se reunieron con el secretario general de Gobierno, Ludwid Marcial Reynoso N\u00fa\u00f1ez, para m\u00e1s tarde regresar al Congreso y buscar a la Junta de Coordinaci\u00f3n Pol\u00edtica (Jucopo).<\/p>\n\n\n\n<p>Felipe de la Cruz, quien forma parte del comit\u00e9 gestor de San Nicol\u00e1s, se\u00f1al\u00f3 que ya es necesario concretar la integraci\u00f3n de los cabildos, porque los municipios de los cuales se desprendieron se niegan a dar la atenci\u00f3n a las comunidades segregadas, pero las nuevas demarcaciones no tienen autoridades y tampoco presupuesto.<\/p>\n\n\n\n<p>Pero indic\u00f3 que si bien ya es necesario nombrar a las nuevas autoridades, tambi\u00e9n es cierto que los habitantes de las comunidades exigen que se les tome en cuenta, ya que no van a permitir que se les impongan los nombramientos por parte de los partidos pol\u00edticos, del Gobierno o del Congreso.<\/p>\n\n\n\n<p>\u201cLa gente ha dicho que quiere que se le tome en cuenta, que las personas que vayan a quedar al frente de los municipios los conozcan, que no sean personas que solo tengan el aval de los partidos o el padrinazgo de funcionarios o diputados, eso solamente va a generar malestar\u201d, advirti\u00f3 el profesor Felipe de la Cruz.<\/p>\n\n\n\n<p>En el mismo sentido se manifest\u00f3 Jos\u00e9 Feliciano Molina, quien se\u00f1al\u00f3 que en Las Vigas es mucha la expectativa que se tiene, pero tambi\u00e9n, en varias asambleas que se han llevado, los lugare\u00f1os han dejado claro que no quieren que haya una decisi\u00f3n centralista en el nombramiento de quienes habr\u00e1n de encabezar los trabajos de los nuevos ayuntamientos.<\/p>\n\n\n\n<p>Se\u00f1al\u00f3 que se trabaja en la b\u00fasqueda de un consenso, para que la vida del nuevo municipio no comience con un conflicto.<\/p>\n\n\n\n<p>Apolonio Qui\u00f1onez Garc\u00eda, de Santa Cruz del Rinc\u00f3n, dijo que durante m\u00e1s de 22 a\u00f1os, las comunidades estuvieron inmersas en la creaci\u00f3n del nuevo municipio, de tal manera que son muchos los intereses que se despertaron y que por esa raz\u00f3n, se debe actuar con mucho cuidado para evitar que se genere la discordia.<\/p>\n\n\n\n<p>Si el procedimiento para designar a las autoridades municipales se cuida, indic\u00f3 que se tendr\u00e1 un buen arranque de gesti\u00f3n, situaci\u00f3n que todos los actores involucrados deben de cuidar.<\/p>\n","protected":false},"excerpt":{"rendered":"<p>&#8212; Las comunidades segregadas exigen que se les tome en cuenta, o inevitablemente habr\u00e1 conflictos&#8212; Santa Cruz del Rinc\u00f3n, \u00d1uu Savi, Las Vigas y San Nicol\u00e1s piden comenzar su vida&hellip; <\/p>\n","protected":false},"author":21,"featured_media":49985,"comment_status":"open","ping_status":"open","sticky":false,"template":"","format":"standard","meta":{"fifu_image_url":"","fifu_image_alt":"","footnotes":""},"categories":[23],"tags":[],"class_list":["post-49984","post","type-post","status-publish","format-standard","has-post-thumbnail","hentry","category-regionales"],"_links":{"self":[{"href":"https:\/\/www.interaccionnoticias.com.mx\/index.php?rest_route=\/wp\/v2\/posts\/49984","targetHints":{"allow":["GET"]}}],"collection":[{"href":"https:\/\/www.interaccionnoticias.com.mx\/index.php?rest_route=\/wp\/v2\/posts"}],"about":[{"href":"https:\/\/www.interaccionnoticias.com.mx\/index.php?rest_route=\/wp\/v2\/types\/post"}],"author":[{"embeddable":true,"href":"https:\/\/www.interaccionnoticias.com.mx\/index.php?rest_route=\/wp\/v2\/users\/21"}],"replies":[{"embeddable":true,"href":"https:\/\/www.interaccionnoticias.com.mx\/index.php?rest_route=%2Fwp%2Fv2%2Fcomments&post=49984"}],"version-history":[{"count":1,"href":"https:\/\/www.interaccionnoticias.com.mx\/index.php?rest_route=\/wp\/v2\/posts\/49984\/revisions"}],"predecessor-version":[{"id":49986,"href":"https:\/\/www.interaccionnoticias.com.mx\/index.php?rest_route=\/wp\/v2\/posts\/49984\/revisions\/49986"}],"wp:featuredmedia":[{"embeddable":true,"href":"https:\/\/www.interaccionnoticias.com.mx\/index.php?rest_route=\/wp\/v2\/media\/49985"}],"wp:attachment":[{"href":"https:\/\/www.interaccionnoticias.com.mx\/index.php?rest_route=%2Fwp%2Fv2%2Fmedia&parent=49984"}],"wp:term":[{"taxonomy":"category","embeddable":true,"href":"https:\/\/www.interaccionnoticias.com.mx\/index.php?rest_route=%2Fwp%2Fv2%2Fcategories&post=49984"},{"taxonomy":"post_tag","embeddable":true,"href":"https:\/\/www.interaccionnoticias.com.mx\/index.php?rest_route=%2Fwp%2Fv2%2Ftags&post=49984"}],"curies":[{"name":"wp","href":"https:\/\/api.w.org\/{rel}","templated":true}]}}