{"id":49975,"date":"2022-09-01T18:04:05","date_gmt":"2022-09-01T23:04:05","guid":{"rendered":"https:\/\/interaccionnoticias.com.mx\/?p=49975"},"modified":"2022-09-01T18:04:10","modified_gmt":"2022-09-01T23:04:10","slug":"a-la-voz-de-ya-podria-designarse-nuevo-titular-de-la-ase","status":"publish","type":"post","link":"https:\/\/www.interaccionnoticias.com.mx\/?p=49975","title":{"rendered":"A la voz de ya, podr\u00eda designarse nuevo titular de la ASE"},"content":{"rendered":"\n<p><strong><em>&#8212; Hay acuerdo en Morena y las dem\u00e1s fuerzas pol\u00edticas<\/em><\/strong><\/p>\n\n\n\n<p><strong>Jes\u00fas Dorantes<\/strong><\/p>\n\n\n\n<p><strong>Chilpancingo, Gro.- <\/strong>El presidente de la Junta de Coordinaci\u00f3n Pol\u00edtica (JUCOPO) del Congreso local, Alfredo S\u00e1nchez Esquivel reconoci\u00f3 que ya existen las condiciones y disposici\u00f3n de los diferentes grupos parlamentarios para que se designe al nuevo titular de la Auditoria Superior del Estado (ASE).<\/p>\n\n\n\n<p>En el marco del arranque del segundo a\u00f1o de ejercicio constitucional del Poder Legislativo de Guerrero, el tambi\u00e9n l\u00edder de la bancada de Morena, asegur\u00f3 que no existen diferencias con sus compa\u00f1eros para la toma de decisiones, particularmente en asuntos que tienen varios meses de rezago.<\/p>\n\n\n\n<p>\u201cNosotros como grupo parlamentario de Morena hemos cerrado filas para que varios temas importantes, como lo es el de la auditor\u00eda y lo que tenga que ver con nombramientos de organismos aut\u00f3nomos se les d\u00e9 celeridad\u201d.<\/p>\n\n\n\n<p>Dicha disposici\u00f3n, destac\u00f3 que no s\u00f3lo se encuentra en su bancada, tambi\u00e9n se ha mostrado en los otros partidos que tienen representaci\u00f3n al interior del Poder Legislativo.<\/p>\n\n\n\n<p>Respecto a la fecha en la que se podr\u00eda designar a un titular en el \u00f3rgano de fiscalizaci\u00f3n, destac\u00f3 que es un tema que podr\u00eda abordarse en los primeros d\u00edas del segundo a\u00f1o ejercicio, pero aclar\u00f3: \u201cNo quiero adelantarme, pero hay la disposici\u00f3n de todos los grupos de que el tema salga a la voz de ya\u201d.<\/p>\n","protected":false},"excerpt":{"rendered":"<p>&#8212; Hay acuerdo en Morena y las dem\u00e1s fuerzas pol\u00edticas Jes\u00fas Dorantes Chilpancingo, Gro.- El presidente de la Junta de Coordinaci\u00f3n Pol\u00edtica (JUCOPO) del Congreso local, Alfredo S\u00e1nchez Esquivel reconoci\u00f3&hellip; <\/p>\n","protected":false},"author":8,"featured_media":49976,"comment_status":"open","ping_status":"open","sticky":false,"template":"","format":"standard","meta":{"fifu_image_url":"","fifu_image_alt":"","footnotes":""},"categories":[2],"tags":[],"class_list":["post-49975","post","type-post","status-publish","format-standard","has-post-thumbnail","hentry","category-congreso"],"_links":{"self":[{"href":"https:\/\/www.interaccionnoticias.com.mx\/index.php?rest_route=\/wp\/v2\/posts\/49975","targetHints":{"allow":["GET"]}}],"collection":[{"href":"https:\/\/www.interaccionnoticias.com.mx\/index.php?rest_route=\/wp\/v2\/posts"}],"about":[{"href":"https:\/\/www.interaccionnoticias.com.mx\/index.php?rest_route=\/wp\/v2\/types\/post"}],"author":[{"embeddable":true,"href":"https:\/\/www.interaccionnoticias.com.mx\/index.php?rest_route=\/wp\/v2\/users\/8"}],"replies":[{"embeddable":true,"href":"https:\/\/www.interaccionnoticias.com.mx\/index.php?rest_route=%2Fwp%2Fv2%2Fcomments&post=49975"}],"version-history":[{"count":1,"href":"https:\/\/www.interaccionnoticias.com.mx\/index.php?rest_route=\/wp\/v2\/posts\/49975\/revisions"}],"predecessor-version":[{"id":49977,"href":"https:\/\/www.interaccionnoticias.com.mx\/index.php?rest_route=\/wp\/v2\/posts\/49975\/revisions\/49977"}],"wp:featuredmedia":[{"embeddable":true,"href":"https:\/\/www.interaccionnoticias.com.mx\/index.php?rest_route=\/wp\/v2\/media\/49976"}],"wp:attachment":[{"href":"https:\/\/www.interaccionnoticias.com.mx\/index.php?rest_route=%2Fwp%2Fv2%2Fmedia&parent=49975"}],"wp:term":[{"taxonomy":"category","embeddable":true,"href":"https:\/\/www.interaccionnoticias.com.mx\/index.php?rest_route=%2Fwp%2Fv2%2Fcategories&post=49975"},{"taxonomy":"post_tag","embeddable":true,"href":"https:\/\/www.interaccionnoticias.com.mx\/index.php?rest_route=%2Fwp%2Fv2%2Ftags&post=49975"}],"curies":[{"name":"wp","href":"https:\/\/api.w.org\/{rel}","templated":true}]}}