{"id":49972,"date":"2022-09-01T18:01:36","date_gmt":"2022-09-01T23:01:36","guid":{"rendered":"https:\/\/interaccionnoticias.com.mx\/?p=49972"},"modified":"2022-09-01T18:01:41","modified_gmt":"2022-09-01T23:01:41","slug":"hallazgo-de-un-cadaver-y-una-cabeza-cercenada-en-acapulco","status":"publish","type":"post","link":"https:\/\/www.interaccionnoticias.com.mx\/?p=49972","title":{"rendered":"Hallazgo de un cad\u00e1ver, y una cabeza cercenada en Acapulco"},"content":{"rendered":"\n<p><em><strong>&#8212; Agentes ministeriales detienen a seis presuntos responsables<br>&#8212; Participa Ej\u00e9rcito, Polic\u00eda Estatal y agentes ministeriales<\/strong><\/em><\/p>\n\n\n\n<p><strong>Javier Trujillo<\/strong><\/p>\n\n\n\n<p><strong>Acapulco, Gro. \u2013 <\/strong>Un operativo desplegado por autoridades ministeriales en coordinaci\u00f3n con soldados del Ej\u00e9rcito Mexicano, y Polic\u00eda Estatal se logr\u00f3 la detenci\u00f3n de seis hombres quienes privaron de la vida a un hombre, y lo iban a enterrar.<\/p>\n\n\n\n<p>Lo anterior, luego de una intensa movilizaci\u00f3n policiaco militar, entre las colonias Vicente Guerrero y Ampliaci\u00f3n Los Lirios, en la zona suburbana del puerto que desde temprano acudieron a la zona.<\/p>\n\n\n\n<p>Al mediod\u00eda, los seis detenidos fueron trasladados a la coordinaci\u00f3n de la fiscal\u00eda regional de Acapulco, por efectivos de la Polic\u00eda Investigadora Ministerial, mediante un operativo para evitar el rescate de los presuntos delincuentes.<\/p>\n\n\n\n<p>Tambi\u00e9n asisti\u00f3, personal de Servicios Periciales, debido a que los detenidos informaron que hab\u00eda el cuerpo de un hombre en la parte alta de ambas colonias, y una extremidad superior de otro hombre.<\/p>\n\n\n\n<p>De acuerdo con lo informado, se indica que la cabeza cercenada, podr\u00eda corresponder a la de un cad\u00e1ver encontrado el 21 de agosto pasado, en la colonia Benito Ju\u00e1rez, muy cerca del \u00e1rea que fue sitiada.<\/p>\n\n\n\n<p>A la orilla de la carretera nacional M\u00e9xico-Acapulco, en el punto conocido como La Tolva, se registr\u00f3 una movilizaci\u00f3n de militares, polic\u00edas estatales y agentes ministeriales, as\u00ed como binomios caninos.<\/p>\n\n\n\n<p>Se indica que personal de la quienes m\u00e1s tarde realizaron los trabajos en uno de los cerros de ambas colonias.<\/p>\n\n\n\n<p>Tambi\u00e9n se inform\u00f3 que una extremidad superior fue localizada, misma que podr\u00eda ser de un hombre victimado desde el pasado 21 de agosto, donde se encontr\u00f3 el cuerpo sin la cabeza.<\/p>\n\n\n\n<p>Hasta el lugar, acudi\u00f3 personal de Servicios Periciales y del Servicio M\u00e9dico Forense para realizar las diligencias y llevar a cabo el trasladado del cuerpo, a la morgue ubicada en la zona de El Quemado.<\/p>\n","protected":false},"excerpt":{"rendered":"<p>&#8212; Agentes ministeriales detienen a seis presuntos responsables&#8212; Participa Ej\u00e9rcito, Polic\u00eda Estatal y agentes ministeriales Javier Trujillo Acapulco, Gro. \u2013 Un operativo desplegado por autoridades ministeriales en coordinaci\u00f3n con soldados&hellip; <\/p>\n","protected":false},"author":3,"featured_media":49973,"comment_status":"open","ping_status":"open","sticky":false,"template":"","format":"standard","meta":{"fifu_image_url":"","fifu_image_alt":"","footnotes":""},"categories":[27],"tags":[],"class_list":["post-49972","post","type-post","status-publish","format-standard","has-post-thumbnail","hentry","category-seguridad-publica"],"_links":{"self":[{"href":"https:\/\/www.interaccionnoticias.com.mx\/index.php?rest_route=\/wp\/v2\/posts\/49972","targetHints":{"allow":["GET"]}}],"collection":[{"href":"https:\/\/www.interaccionnoticias.com.mx\/index.php?rest_route=\/wp\/v2\/posts"}],"about":[{"href":"https:\/\/www.interaccionnoticias.com.mx\/index.php?rest_route=\/wp\/v2\/types\/post"}],"author":[{"embeddable":true,"href":"https:\/\/www.interaccionnoticias.com.mx\/index.php?rest_route=\/wp\/v2\/users\/3"}],"replies":[{"embeddable":true,"href":"https:\/\/www.interaccionnoticias.com.mx\/index.php?rest_route=%2Fwp%2Fv2%2Fcomments&post=49972"}],"version-history":[{"count":1,"href":"https:\/\/www.interaccionnoticias.com.mx\/index.php?rest_route=\/wp\/v2\/posts\/49972\/revisions"}],"predecessor-version":[{"id":49974,"href":"https:\/\/www.interaccionnoticias.com.mx\/index.php?rest_route=\/wp\/v2\/posts\/49972\/revisions\/49974"}],"wp:featuredmedia":[{"embeddable":true,"href":"https:\/\/www.interaccionnoticias.com.mx\/index.php?rest_route=\/wp\/v2\/media\/49973"}],"wp:attachment":[{"href":"https:\/\/www.interaccionnoticias.com.mx\/index.php?rest_route=%2Fwp%2Fv2%2Fmedia&parent=49972"}],"wp:term":[{"taxonomy":"category","embeddable":true,"href":"https:\/\/www.interaccionnoticias.com.mx\/index.php?rest_route=%2Fwp%2Fv2%2Fcategories&post=49972"},{"taxonomy":"post_tag","embeddable":true,"href":"https:\/\/www.interaccionnoticias.com.mx\/index.php?rest_route=%2Fwp%2Fv2%2Ftags&post=49972"}],"curies":[{"name":"wp","href":"https:\/\/api.w.org\/{rel}","templated":true}]}}