{"id":49967,"date":"2022-09-01T17:53:03","date_gmt":"2022-09-01T22:53:03","guid":{"rendered":"https:\/\/interaccionnoticias.com.mx\/?p=49967"},"modified":"2022-09-01T17:53:04","modified_gmt":"2022-09-01T22:53:04","slug":"congreso-de-guerrero-intentara-nuevamente-designar-a-un-titular-en-la-auditoria-superior-del-estado-ase","status":"publish","type":"post","link":"https:\/\/www.interaccionnoticias.com.mx\/?p=49967","title":{"rendered":"Congreso de Guerrero intentar\u00e1 nuevamente designar a un titular en la Auditor\u00eda Superior del Estado (ASE)"},"content":{"rendered":"\n<p><em><strong>&#8212; El \u00f3rgano de fiscalizaci\u00f3n lleva m\u00e1s de un a\u00f1o operando con un encargado de despacho<br>&#8212; En diciembre de 2021 la Jucopo present\u00f3 una terna, pero ning\u00fan aspirante alcanz\u00f3 la mayor\u00eda calificada<\/strong><\/em><\/p>\n\n\n\n<p><strong>Rogelio Agust\u00edn<\/strong><\/p>\n\n\n\n<p>El Congreso de Guerrero intentar\u00e1 nuevamente nombrar a un titular en la Auditor\u00eda Superior del Estado (ASE), \u00f3rgano de fiscalizaci\u00f3n que lleva m\u00e1s de un a\u00f1o funcionando con un encargado de despacho, lo que pone en tela de juicio la legalidad de sus actuaciones.<\/p>\n\n\n\n<p>La ma\u00f1ana del jueves 1 de septiembre, la Comisi\u00f3n de Vigilancia y Evaluaci\u00f3n de la ASE, encabezada por el todav\u00eda diputado de Morena, Jacinto Gonz\u00e1lez Varona se reuni\u00f3 con los integrantes de la Junta de Coordinaci\u00f3n Pol\u00edtica (Jucopo), que preside el tambi\u00e9n morenista Alfredo S\u00e1nchez Esquivel.<\/p>\n\n\n\n<p>El 20 de julio de 2021, el periodo para el que fue designado el ex auditor Alfonso Dami\u00e1n Peralta culmin\u00f3 sin que se le ratificara en el cargo, por lo que el \u00f3rgano comenz\u00f3 a trabajar con un encargado de despacho.<\/p>\n\n\n\n<p>En diciembre de 2021, la Junta de Coordinaci\u00f3n Pol\u00edtica (Jucopo) intent\u00f3 nombrar a un titular recuperando una lista de aspirantes que se registraron en la convocatoria lanzada por la 62 Legislatura local, que culmin\u00f3 su periodo de ejercicio en septiembre de ese mismo a\u00f1o.<\/p>\n\n\n\n<p>Ninguno de los integrantes de la terna alcanz\u00f3 la mayor\u00eda calificada que ordena la ley, por lo que la ASE sigui\u00f3 funcionando con dos encargados, primero estuvo al frente Luis Javier Gonz\u00e1lez Guerrero, quien renunci\u00f3 argumentando problemas de salud y el espacio lo ocup\u00f3 Natividad P\u00e9rez Guinto, quien hasta el momento se mantiene en la conducci\u00f3n del \u00f3rgano de fiscalizaci\u00f3n.<\/p>\n\n\n\n<p>En las \u00faltimas semanas, la Comisi\u00f3n de Evaluaci\u00f3n hab\u00eda solicitado una reuni\u00f3n con la Jucopo, para plantear la necesidad de culminar con el procedimiento encaminado a nombrar al titular, que consiste en retomar una terna de la lista que se encuentra en espera, producto del lanzamiento de la convocatoria en la Legislatura anterior.<\/p>\n\n\n\n<p>El presidente de la Jucopo, Alfredo S\u00e1nchez Esquivel se\u00f1alaba que lo conveniente era lanzar una nueva convocatoria, pues esa era una postura mayoritaria al seno de la bancada de Morena, que indic\u00f3, no estaban conformes con el hecho de dar cauce a una lista de aspirantes que no se registr\u00f3 con su aval, por ser consecuencia de los trabajos de los diputados de otra legislatura.<\/p>\n\n\n\n<p>La presidenta de la Mesa Directiva, Flor A\u00f1orve Ocampo se\u00f1al\u00f3 en varias ocasiones que no desahogar el procedimiento, que ordena retomar otra terna de la lista que ya existe, implicaba el riesgo de que cualquier aspirante inconforme impugnara la designaci\u00f3n final, con muchas posibilidades de que en los tribunales se le otorgara la raz\u00f3n.<\/p>\n\n\n\n<p>Lo m\u00e1s adecuado entonces, era respetar el procedimiento que indica la ley.<\/p>\n\n\n\n<p>El mi\u00e9rcoles 31 de agosto, la Comisi\u00f3n de Evaluaci\u00f3n se reuni\u00f3 para discutir el tema, asumiendo de manera un\u00e1nime el acuerdo de culminar con el procedimiento que establece la ley, que implica tomar una nueva terna de la lista ya existente y ponerla a consideraci\u00f3n del Pleno.<\/p>\n\n\n\n<p>Este jueves 1 de septiembre, la Comisi\u00f3n de Evaluaci\u00f3n y la Jucopo se reunieron para analizar el tema, llegando al acuerdo de retomar el procedimiento y poner a consideraci\u00f3n del pleno una nueva terna de la relaci\u00f3n que se tiene pendiente.<\/p>\n\n\n\n<p>Lo anterior, pese a que el presidente de la Jucopo, Alfredo S\u00e1nchez Esquivel aseguraba que la mayor\u00eda de los diputados de Morena ped\u00edan que se emitiera una nueva convocatoria.<\/p>\n\n\n\n<p>Jacinto Gonz\u00e1lez Varona, quien este jueves tuvo su \u00faltima presentaci\u00f3n como presidente de la Comisi\u00f3n de Vigilancia, dijo que el acuerdo es que la Jucopo analizar\u00e1 lo relacionado con la integraci\u00f3n de la nueva terna, de tal suerte que el pr\u00f3ximo jueves 8 de septiembre, el asunto puede ponerse a consideraci\u00f3n del Pleno.<\/p>\n\n\n\n<p>Para el representante popular, la designaci\u00f3n de un titular en la ASE es fundamental, pues un encargado de despacho no tiene atribuciones para presentar la propuesta del presupuesto que se pretende ejercer en el pr\u00f3ximo ejercicio fiscal.<\/p>\n","protected":false},"excerpt":{"rendered":"<p>&#8212; El \u00f3rgano de fiscalizaci\u00f3n lleva m\u00e1s de un a\u00f1o operando con un encargado de despacho&#8212; En diciembre de 2021 la Jucopo present\u00f3 una terna, pero ning\u00fan aspirante alcanz\u00f3 la&hellip; <\/p>\n","protected":false},"author":21,"featured_media":47781,"comment_status":"open","ping_status":"open","sticky":false,"template":"","format":"standard","meta":{"fifu_image_url":"","fifu_image_alt":"","footnotes":""},"categories":[2],"tags":[],"class_list":["post-49967","post","type-post","status-publish","format-standard","has-post-thumbnail","hentry","category-congreso"],"_links":{"self":[{"href":"https:\/\/www.interaccionnoticias.com.mx\/index.php?rest_route=\/wp\/v2\/posts\/49967","targetHints":{"allow":["GET"]}}],"collection":[{"href":"https:\/\/www.interaccionnoticias.com.mx\/index.php?rest_route=\/wp\/v2\/posts"}],"about":[{"href":"https:\/\/www.interaccionnoticias.com.mx\/index.php?rest_route=\/wp\/v2\/types\/post"}],"author":[{"embeddable":true,"href":"https:\/\/www.interaccionnoticias.com.mx\/index.php?rest_route=\/wp\/v2\/users\/21"}],"replies":[{"embeddable":true,"href":"https:\/\/www.interaccionnoticias.com.mx\/index.php?rest_route=%2Fwp%2Fv2%2Fcomments&post=49967"}],"version-history":[{"count":1,"href":"https:\/\/www.interaccionnoticias.com.mx\/index.php?rest_route=\/wp\/v2\/posts\/49967\/revisions"}],"predecessor-version":[{"id":49968,"href":"https:\/\/www.interaccionnoticias.com.mx\/index.php?rest_route=\/wp\/v2\/posts\/49967\/revisions\/49968"}],"wp:featuredmedia":[{"embeddable":true,"href":"https:\/\/www.interaccionnoticias.com.mx\/index.php?rest_route=\/wp\/v2\/media\/47781"}],"wp:attachment":[{"href":"https:\/\/www.interaccionnoticias.com.mx\/index.php?rest_route=%2Fwp%2Fv2%2Fmedia&parent=49967"}],"wp:term":[{"taxonomy":"category","embeddable":true,"href":"https:\/\/www.interaccionnoticias.com.mx\/index.php?rest_route=%2Fwp%2Fv2%2Fcategories&post=49967"},{"taxonomy":"post_tag","embeddable":true,"href":"https:\/\/www.interaccionnoticias.com.mx\/index.php?rest_route=%2Fwp%2Fv2%2Ftags&post=49967"}],"curies":[{"name":"wp","href":"https:\/\/api.w.org\/{rel}","templated":true}]}}