{"id":49964,"date":"2022-09-01T14:51:46","date_gmt":"2022-09-01T19:51:46","guid":{"rendered":"https:\/\/interaccionnoticias.com.mx\/?p=49964"},"modified":"2022-09-01T14:51:51","modified_gmt":"2022-09-01T19:51:51","slug":"reporta-la-secretaria-de-salud-una-ocupacion-de-camas-covid-del-4-por-ciento","status":"publish","type":"post","link":"https:\/\/www.interaccionnoticias.com.mx\/?p=49964","title":{"rendered":"Reporta la Secretar\u00eda de Salud una ocupaci\u00f3n de camas Covid del 4 por ciento"},"content":{"rendered":"\n<p>\u2014 Ninguna defunci\u00f3n en las \u00faltimas 24 horas<\/p>\n\n\n\n<p>\u2014 El estado de Guerrero se ubica en el lugar 26 a nivel nacional en casos activos<\/p>\n\n\n\n<p>Chilpancingo, Gro., 01 de septiembre 2022.- Al presentar el informe t\u00e9cnico diario de Covid-19, la Secretar\u00eda de Salud inform\u00f3 que al 31 de agosto, la ocupaci\u00f3n de camas para la atenci\u00f3n de pacientes Covid es del 4 por ciento, y report\u00f3 226 casos activos, de los cuales 27 se confirmaron en las \u00faltimas 24 horas.<\/p>\n\n\n\n<p>Detall\u00f3 que desde el inicio de la pandemia, Guerrero acumula 115,698 casos confirmados y 6,836 defunciones, y se ubica en el lugar 26 a nivel nacional en incidencia de casos activos, y ubicando los casos en los municipios de Chilpancingo de los Bravo, con 48; Acapulco, 47; Taxco, 33; Iguala, 31; Zihuatanejo, 17; Chilapa, 8; Atlixtac, 5; Tlapa, 5; Tepecoacuilco, 3, y Ahuacuotzingo, 2.<\/p>\n\n\n\n<p>La Secretar\u00eda de Salud inform\u00f3 que mantiene abiertos los m\u00f3dulos de detecci\u00f3n de Covid-19 en las siete jurisdicciones sanitarias, para conocer los casos activos y darles tratamiento m\u00e9dico, reiterando su llamado a la poblaci\u00f3n las medidas preventivas, como el uso de cubrebocas, sana distancia de 1.5 metros, lavado de manos constante con agua y jab\u00f3n, y evitar aglomeraciones para evitar contagios.<\/p>\n","protected":false},"excerpt":{"rendered":"<p>\u2014 Ninguna defunci\u00f3n en las \u00faltimas 24 horas \u2014 El estado de Guerrero se ubica en el lugar 26 a nivel nacional en casos activos Chilpancingo, Gro., 01 de septiembre&hellip; <\/p>\n","protected":false},"author":19,"featured_media":49965,"comment_status":"open","ping_status":"open","sticky":false,"template":"","format":"standard","meta":{"fifu_image_url":"","fifu_image_alt":"","footnotes":""},"categories":[3],"tags":[],"class_list":["post-49964","post","type-post","status-publish","format-standard","has-post-thumbnail","hentry","category-covid-19"],"_links":{"self":[{"href":"https:\/\/www.interaccionnoticias.com.mx\/index.php?rest_route=\/wp\/v2\/posts\/49964","targetHints":{"allow":["GET"]}}],"collection":[{"href":"https:\/\/www.interaccionnoticias.com.mx\/index.php?rest_route=\/wp\/v2\/posts"}],"about":[{"href":"https:\/\/www.interaccionnoticias.com.mx\/index.php?rest_route=\/wp\/v2\/types\/post"}],"author":[{"embeddable":true,"href":"https:\/\/www.interaccionnoticias.com.mx\/index.php?rest_route=\/wp\/v2\/users\/19"}],"replies":[{"embeddable":true,"href":"https:\/\/www.interaccionnoticias.com.mx\/index.php?rest_route=%2Fwp%2Fv2%2Fcomments&post=49964"}],"version-history":[{"count":1,"href":"https:\/\/www.interaccionnoticias.com.mx\/index.php?rest_route=\/wp\/v2\/posts\/49964\/revisions"}],"predecessor-version":[{"id":49966,"href":"https:\/\/www.interaccionnoticias.com.mx\/index.php?rest_route=\/wp\/v2\/posts\/49964\/revisions\/49966"}],"wp:featuredmedia":[{"embeddable":true,"href":"https:\/\/www.interaccionnoticias.com.mx\/index.php?rest_route=\/wp\/v2\/media\/49965"}],"wp:attachment":[{"href":"https:\/\/www.interaccionnoticias.com.mx\/index.php?rest_route=%2Fwp%2Fv2%2Fmedia&parent=49964"}],"wp:term":[{"taxonomy":"category","embeddable":true,"href":"https:\/\/www.interaccionnoticias.com.mx\/index.php?rest_route=%2Fwp%2Fv2%2Fcategories&post=49964"},{"taxonomy":"post_tag","embeddable":true,"href":"https:\/\/www.interaccionnoticias.com.mx\/index.php?rest_route=%2Fwp%2Fv2%2Ftags&post=49964"}],"curies":[{"name":"wp","href":"https:\/\/api.w.org\/{rel}","templated":true}]}}