{"id":49950,"date":"2022-08-31T20:10:00","date_gmt":"2022-09-01T01:10:00","guid":{"rendered":"https:\/\/interaccionnoticias.com.mx\/?p=49950"},"modified":"2022-08-31T20:10:38","modified_gmt":"2022-09-01T01:10:38","slug":"artesanas-de-ometepec-xochistlahuaca-y-cochoapa-el-grande-ganan-premios-en-el-concurso-nacional-de-textiles-y-rebozo","status":"publish","type":"post","link":"https:\/\/www.interaccionnoticias.com.mx\/?p=49950","title":{"rendered":"Artesanas de Ometepec, Xochistlahuaca y Cochoapa el Grande ganan premios en el concurso Nacional de Textiles y Rebozo"},"content":{"rendered":"\n<p><strong>Cuernavaca, Morelos, 31 de agosto del 2022.-<\/strong> <\/p>\n\n\n\n<p>La secretaria de Fomento y Desarrollo Econ\u00f3mico, Teodora Ram\u00edrez Vega destac\u00f3 que gracias al apoyo de la gobernadora Evelyn Salgado Pineda artesanos de los municipios de Ometepec, Xochistlahuaca y Cochoapa el Grande, obtuvieron dos primeros lugares y un segundo lugar.<\/p>\n\n\n\n<p>En este concurso, en la categor\u00eda textil de algod\u00f3n, el primer lugar lo obtuvo la artesana, Mar\u00eda Santa Ana, de la comunidad de Arroyo del municipio de Ometepec, con un huipil amuzgo de algod\u00f3n cuyuchi, tejido en telar de cintura, tonos naturales, verde, caf\u00e9 y beige.<\/p>\n\n\n\n<p>Asimismo, en Textiles en tela industrial, el primer lugar fue para Adelina Toribio Arango de Xochistlahuaca, quien particip\u00f3 con un rebozo amuzgo de algod\u00f3n tejido en telar de cintura; te\u00f1ido con tintes naturales de pistache, frijol negro y carb\u00f3n, decorado con iconograf\u00eda de cucaracha de agua, grecas, flores de cacalos\u00fachil y monta\u00f1a de flor silvestre.<\/p>\n\n\n\n<p>En esa misma categor\u00eda, el segundo lugar fue para Maximina Mart\u00ednez Tiburcio, de la comunidad de Santa Mar\u00eda Cahua \u00f1a\u00f1a, del municipio de Cochoapa el Grande con un huipil \u00d1uu savi de algod\u00f3n hilado a mano en malacate; tejido en telar de cintura con iconograf\u00eda de la monta\u00f1a, lagartija y rana.<\/p>\n\n\n\n<p>Ram\u00edrez Vega dijo que el concurso tiene como objetivo incentivar a los artesanos del pa\u00eds a continuar elaborando piezas textiles, cuya creaci\u00f3n se distinga por su aportaci\u00f3n cultural, art\u00edstica y est\u00e9tica, reconociendo el uso de la t\u00e9cnica y el manejo de los materiales para difundir el arte popular textil como patrimonio cultural.<\/p>\n\n\n\n<p>La ceremonia estuvo presidida por la directora de Operaci\u00f3n y Proyectos Integrales para las Artesan\u00edas del FONART, Elena V\u00e1zquez y de los Santos; y la secretaria de Turismo y Cultura del estado de Morelos, Julieta Goldzweig Cornejo.<\/p>\n\n\n\n<figure class=\"wp-block-gallery columns-2 is-cropped wp-block-gallery-1 is-layout-flex wp-block-gallery-is-layout-flex\"><ul class=\"blocks-gallery-grid\"><li class=\"blocks-gallery-item\"><figure><img decoding=\"async\" src=\"data:image\/gif;base64,R0lGODlhAQABAIAAAAAAAP\/\/\/ywAAAAAAQABAAACAUwAOw==\" fifu-lazy=\"1\" fifu-data-sizes=\"auto\" fifu-data-srcset=\"https:\/\/i3.wp.com\/interaccionnoticias.com.mx\/wp-content\/uploads\/2022\/08\/220831-Artesanas-2-1024x683.jpeg?ssl=1&w=75&resize=75&ssl=1 75w, https:\/\/i3.wp.com\/interaccionnoticias.com.mx\/wp-content\/uploads\/2022\/08\/220831-Artesanas-2-1024x683.jpeg?ssl=1&w=100&resize=100&ssl=1 100w, https:\/\/i3.wp.com\/interaccionnoticias.com.mx\/wp-content\/uploads\/2022\/08\/220831-Artesanas-2-1024x683.jpeg?ssl=1&w=150&resize=150&ssl=1 150w, https:\/\/i3.wp.com\/interaccionnoticias.com.mx\/wp-content\/uploads\/2022\/08\/220831-Artesanas-2-1024x683.jpeg?ssl=1&w=240&resize=240&ssl=1 240w, https:\/\/i3.wp.com\/interaccionnoticias.com.mx\/wp-content\/uploads\/2022\/08\/220831-Artesanas-2-1024x683.jpeg?ssl=1&w=320&resize=320&ssl=1 320w, https:\/\/i3.wp.com\/interaccionnoticias.com.mx\/wp-content\/uploads\/2022\/08\/220831-Artesanas-2-1024x683.jpeg?ssl=1&w=500&resize=500&ssl=1 500w, https:\/\/i3.wp.com\/interaccionnoticias.com.mx\/wp-content\/uploads\/2022\/08\/220831-Artesanas-2-1024x683.jpeg?ssl=1&w=640&resize=640&ssl=1 640w, https:\/\/i3.wp.com\/interaccionnoticias.com.mx\/wp-content\/uploads\/2022\/08\/220831-Artesanas-2-1024x683.jpeg?ssl=1&w=800&resize=800&ssl=1 800w, https:\/\/i3.wp.com\/interaccionnoticias.com.mx\/wp-content\/uploads\/2022\/08\/220831-Artesanas-2-1024x683.jpeg?ssl=1&w=1024&resize=1024&ssl=1 1024w, https:\/\/i3.wp.com\/interaccionnoticias.com.mx\/wp-content\/uploads\/2022\/08\/220831-Artesanas-2-1024x683.jpeg?ssl=1&w=1280&resize=1280&ssl=1 1280w, https:\/\/i3.wp.com\/interaccionnoticias.com.mx\/wp-content\/uploads\/2022\/08\/220831-Artesanas-2-1024x683.jpeg?ssl=1&w=1600&resize=1600&ssl=1 1600w\" fifu-data-src=\"https:\/\/i3.wp.com\/interaccionnoticias.com.mx\/wp-content\/uploads\/2022\/08\/220831-Artesanas-2-1024x683.jpeg?ssl=1\" alt=\"\" data-id=\"49952\" data-full-url=\"https:\/\/interaccionnoticias.com.mx\/wp-content\/uploads\/2022\/08\/220831-Artesanas-2.jpeg\" data-link=\"https:\/\/interaccionnoticias.com.mx\/?attachment_id=49952\" class=\"wp-image-49952\"\/><\/figure><\/li><li class=\"blocks-gallery-item\"><figure><img decoding=\"async\" src=\"data:image\/gif;base64,R0lGODlhAQABAIAAAAAAAP\/\/\/ywAAAAAAQABAAACAUwAOw==\" fifu-lazy=\"1\" fifu-data-sizes=\"auto\" fifu-data-srcset=\"https:\/\/i2.wp.com\/interaccionnoticias.com.mx\/wp-content\/uploads\/2022\/08\/220831-Artesanas-1-1024x683.jpeg?ssl=1&w=75&resize=75&ssl=1 75w, https:\/\/i2.wp.com\/interaccionnoticias.com.mx\/wp-content\/uploads\/2022\/08\/220831-Artesanas-1-1024x683.jpeg?ssl=1&w=100&resize=100&ssl=1 100w, https:\/\/i2.wp.com\/interaccionnoticias.com.mx\/wp-content\/uploads\/2022\/08\/220831-Artesanas-1-1024x683.jpeg?ssl=1&w=150&resize=150&ssl=1 150w, https:\/\/i2.wp.com\/interaccionnoticias.com.mx\/wp-content\/uploads\/2022\/08\/220831-Artesanas-1-1024x683.jpeg?ssl=1&w=240&resize=240&ssl=1 240w, https:\/\/i2.wp.com\/interaccionnoticias.com.mx\/wp-content\/uploads\/2022\/08\/220831-Artesanas-1-1024x683.jpeg?ssl=1&w=320&resize=320&ssl=1 320w, https:\/\/i2.wp.com\/interaccionnoticias.com.mx\/wp-content\/uploads\/2022\/08\/220831-Artesanas-1-1024x683.jpeg?ssl=1&w=500&resize=500&ssl=1 500w, https:\/\/i2.wp.com\/interaccionnoticias.com.mx\/wp-content\/uploads\/2022\/08\/220831-Artesanas-1-1024x683.jpeg?ssl=1&w=640&resize=640&ssl=1 640w, https:\/\/i2.wp.com\/interaccionnoticias.com.mx\/wp-content\/uploads\/2022\/08\/220831-Artesanas-1-1024x683.jpeg?ssl=1&w=800&resize=800&ssl=1 800w, https:\/\/i2.wp.com\/interaccionnoticias.com.mx\/wp-content\/uploads\/2022\/08\/220831-Artesanas-1-1024x683.jpeg?ssl=1&w=1024&resize=1024&ssl=1 1024w, https:\/\/i2.wp.com\/interaccionnoticias.com.mx\/wp-content\/uploads\/2022\/08\/220831-Artesanas-1-1024x683.jpeg?ssl=1&w=1280&resize=1280&ssl=1 1280w, https:\/\/i2.wp.com\/interaccionnoticias.com.mx\/wp-content\/uploads\/2022\/08\/220831-Artesanas-1-1024x683.jpeg?ssl=1&w=1600&resize=1600&ssl=1 1600w\" fifu-data-src=\"https:\/\/i2.wp.com\/interaccionnoticias.com.mx\/wp-content\/uploads\/2022\/08\/220831-Artesanas-1-1024x683.jpeg?ssl=1\" alt=\"\" data-id=\"49951\" data-full-url=\"https:\/\/interaccionnoticias.com.mx\/wp-content\/uploads\/2022\/08\/220831-Artesanas-1.jpeg\" data-link=\"https:\/\/interaccionnoticias.com.mx\/?attachment_id=49951\" class=\"wp-image-49951\"\/><\/figure><\/li><\/ul><\/figure>\n","protected":false},"excerpt":{"rendered":"<p>Cuernavaca, Morelos, 31 de agosto del 2022.- La secretaria de Fomento y Desarrollo Econ\u00f3mico, Teodora Ram\u00edrez Vega destac\u00f3 que gracias al apoyo de la gobernadora Evelyn Salgado Pineda artesanos de&hellip; <\/p>\n","protected":false},"author":19,"featured_media":49951,"comment_status":"open","ping_status":"open","sticky":false,"template":"","format":"standard","meta":{"fifu_image_url":"","fifu_image_alt":"","footnotes":""},"categories":[29],"tags":[],"class_list":["post-49950","post","type-post","status-publish","format-standard","has-post-thumbnail","hentry","category-sociedad"],"_links":{"self":[{"href":"https:\/\/www.interaccionnoticias.com.mx\/index.php?rest_route=\/wp\/v2\/posts\/49950","targetHints":{"allow":["GET"]}}],"collection":[{"href":"https:\/\/www.interaccionnoticias.com.mx\/index.php?rest_route=\/wp\/v2\/posts"}],"about":[{"href":"https:\/\/www.interaccionnoticias.com.mx\/index.php?rest_route=\/wp\/v2\/types\/post"}],"author":[{"embeddable":true,"href":"https:\/\/www.interaccionnoticias.com.mx\/index.php?rest_route=\/wp\/v2\/users\/19"}],"replies":[{"embeddable":true,"href":"https:\/\/www.interaccionnoticias.com.mx\/index.php?rest_route=%2Fwp%2Fv2%2Fcomments&post=49950"}],"version-history":[{"count":2,"href":"https:\/\/www.interaccionnoticias.com.mx\/index.php?rest_route=\/wp\/v2\/posts\/49950\/revisions"}],"predecessor-version":[{"id":49954,"href":"https:\/\/www.interaccionnoticias.com.mx\/index.php?rest_route=\/wp\/v2\/posts\/49950\/revisions\/49954"}],"wp:featuredmedia":[{"embeddable":true,"href":"https:\/\/www.interaccionnoticias.com.mx\/index.php?rest_route=\/wp\/v2\/media\/49951"}],"wp:attachment":[{"href":"https:\/\/www.interaccionnoticias.com.mx\/index.php?rest_route=%2Fwp%2Fv2%2Fmedia&parent=49950"}],"wp:term":[{"taxonomy":"category","embeddable":true,"href":"https:\/\/www.interaccionnoticias.com.mx\/index.php?rest_route=%2Fwp%2Fv2%2Fcategories&post=49950"},{"taxonomy":"post_tag","embeddable":true,"href":"https:\/\/www.interaccionnoticias.com.mx\/index.php?rest_route=%2Fwp%2Fv2%2Ftags&post=49950"}],"curies":[{"name":"wp","href":"https:\/\/api.w.org\/{rel}","templated":true}]}}