{"id":49934,"date":"2022-08-31T19:36:51","date_gmt":"2022-09-01T00:36:51","guid":{"rendered":"https:\/\/interaccionnoticias.com.mx\/?p=49934"},"modified":"2022-08-31T19:36:55","modified_gmt":"2022-09-01T00:36:55","slug":"acciones-de-la-encargada-de-la-auditoria-superior-del-estado-ase-tienen-validez-asegura-lider-del-congreso","status":"publish","type":"post","link":"https:\/\/www.interaccionnoticias.com.mx\/?p=49934","title":{"rendered":"Acciones de la encargada de la Auditor\u00eda Superior del Estado (ASE) tienen validez, asegura l\u00edder del Congreso"},"content":{"rendered":"\n<p><strong><em>&#8212; Rechaza que carezca de personalidad jur\u00eddica<\/em><\/strong><\/p>\n\n\n\n<p><strong>Jes\u00fas Dorantes<\/strong><\/p>\n\n\n\n<p><strong>Chilpancingo, Gro.- <\/strong>El presidente de la Junta de Coordinaci\u00f3n Pol\u00edtica (JUCOPO) del Congreso local, Alfredo S\u00e1nchez Esquivel sostuvo que el nombramiento de Natividad P\u00e9rez Guinto como encargada de despacho de la Auditoria Superior del Estado (ASE) es legal, por lo que cuenta con el respaldo de los Tribunales Federales.<\/p>\n\n\n\n<p>Luego de que la Comisi\u00f3n de Evaluaci\u00f3n y Vigilancia de la ASE emitiera un comunicado para exhortar a la Junta de Coordinaci\u00f3n Pol\u00edtica a una reuni\u00f3n, en la que se tratar\u00edan lo relacionado con la ausencia de un titular debidamente nombrado por el Pleno, adem\u00e1s del incremento del 112 % en el presupuesto del organismo, S\u00e1nchez Esquivel sostuvo que no existe ninguna anomal\u00eda.<\/p>\n\n\n\n<p>El presidente de la JUCOPO y l\u00edder de la bancada de Morena, asever\u00f3 que el nombramiento de encargada de despacho cuenta con respaldo de Tribunales Federales, por lo que enfatiz\u00f3: \u201cHay un resolutivo a nivel federal d\u00f3nde se reconoce la legalidad del cargo que tiene Auditora del estado de Guerrero\u201d.<\/p>\n\n\n\n<p>Ante el incremento que se observa en el anteproyecto de presupuesto para la ASE, refiri\u00f3 que todas las Secretar\u00edas y Organismos aut\u00f3nomos hacen una solicitud presupuestal con una inflaci\u00f3n del 200% a 300% , para tener un margen de maniobra en su autorizaci\u00f3n, por lo que el incremento es algo natural.<\/p>\n\n\n\n<p>El tambi\u00e9n coordinador de Morena dijo que resulta extra\u00f1o que se haga p\u00fablica s\u00f3lo esa solicitud.<\/p>\n\n\n\n<p>Advirti\u00f3 que todas las instancias tendr\u00e1n que rendir cuentas, de tal suerte que si hay algo irregular, inevitablemente saldr\u00e1 a la luz.<\/p>\n\n\n\n<p>\u201cTodo aquel que est\u00e1 buscando con esta triqui\u00f1uela zafarse de poder rendir cuentas est\u00e1n en un error, lo que le toca estar a la Auditora del Estado de encargada es legal, pero adem\u00e1s est\u00e1 reconocido por tribunales federales\u201d, asever\u00f3.<\/p>\n\n\n\n<p>En el caso e la solicitud de una reuni\u00f3n con la Comisi\u00f3n de Evaluaci\u00f3n y Vigilancia de la ASE, S\u00e1nchez Esquivel confirm\u00f3 que se hab\u00eda respondido de manera formal y se hab\u00eda citado a sus compa\u00f1eros diputados para el 1 de septiembre, pero el presidente, Jacinto Gonz\u00e1lez Varona ya se encuentra de licencia.<\/p>\n","protected":false},"excerpt":{"rendered":"<p>&#8212; Rechaza que carezca de personalidad jur\u00eddica Jes\u00fas Dorantes Chilpancingo, Gro.- El presidente de la Junta de Coordinaci\u00f3n Pol\u00edtica (JUCOPO) del Congreso local, Alfredo S\u00e1nchez Esquivel sostuvo que el nombramiento&hellip; <\/p>\n","protected":false},"author":8,"featured_media":49935,"comment_status":"open","ping_status":"open","sticky":false,"template":"","format":"standard","meta":{"fifu_image_url":"","fifu_image_alt":"","footnotes":""},"categories":[2],"tags":[],"class_list":["post-49934","post","type-post","status-publish","format-standard","has-post-thumbnail","hentry","category-congreso"],"_links":{"self":[{"href":"https:\/\/www.interaccionnoticias.com.mx\/index.php?rest_route=\/wp\/v2\/posts\/49934","targetHints":{"allow":["GET"]}}],"collection":[{"href":"https:\/\/www.interaccionnoticias.com.mx\/index.php?rest_route=\/wp\/v2\/posts"}],"about":[{"href":"https:\/\/www.interaccionnoticias.com.mx\/index.php?rest_route=\/wp\/v2\/types\/post"}],"author":[{"embeddable":true,"href":"https:\/\/www.interaccionnoticias.com.mx\/index.php?rest_route=\/wp\/v2\/users\/8"}],"replies":[{"embeddable":true,"href":"https:\/\/www.interaccionnoticias.com.mx\/index.php?rest_route=%2Fwp%2Fv2%2Fcomments&post=49934"}],"version-history":[{"count":1,"href":"https:\/\/www.interaccionnoticias.com.mx\/index.php?rest_route=\/wp\/v2\/posts\/49934\/revisions"}],"predecessor-version":[{"id":49936,"href":"https:\/\/www.interaccionnoticias.com.mx\/index.php?rest_route=\/wp\/v2\/posts\/49934\/revisions\/49936"}],"wp:featuredmedia":[{"embeddable":true,"href":"https:\/\/www.interaccionnoticias.com.mx\/index.php?rest_route=\/wp\/v2\/media\/49935"}],"wp:attachment":[{"href":"https:\/\/www.interaccionnoticias.com.mx\/index.php?rest_route=%2Fwp%2Fv2%2Fmedia&parent=49934"}],"wp:term":[{"taxonomy":"category","embeddable":true,"href":"https:\/\/www.interaccionnoticias.com.mx\/index.php?rest_route=%2Fwp%2Fv2%2Fcategories&post=49934"},{"taxonomy":"post_tag","embeddable":true,"href":"https:\/\/www.interaccionnoticias.com.mx\/index.php?rest_route=%2Fwp%2Fv2%2Ftags&post=49934"}],"curies":[{"name":"wp","href":"https:\/\/api.w.org\/{rel}","templated":true}]}}