{"id":49932,"date":"2022-08-31T17:15:28","date_gmt":"2022-08-31T22:15:28","guid":{"rendered":"https:\/\/interaccionnoticias.com.mx\/?p=49932"},"modified":"2022-08-31T17:15:38","modified_gmt":"2022-08-31T22:15:38","slug":"peligroso-manipular-la-integracion-de-cuatro-nuevos-ayuntamientos-en-montana-y-costa-chica","status":"publish","type":"post","link":"https:\/\/www.interaccionnoticias.com.mx\/?p=49932","title":{"rendered":"Peligroso, manipular la integraci\u00f3n de cuatro nuevos ayuntamientos en Monta\u00f1a y Costa Chica"},"content":{"rendered":"\n<p><strong><em>&#8212; \u201cHay quienes pretenden manejar el tema bajo el esquema de la repartici\u00f3n de espacios entre los partidos pol\u00edticos\u201d, advierte el coordinador parlamentario del PRI<\/em><\/strong><\/p>\n\n\n\n<p><strong>Rogelio Agust\u00edn<\/strong><\/p>\n\n\n\n<p>El coordinador de la fracci\u00f3n parlamentaria del PRI, H\u00e9ctor Apreza Patr\u00f3n advirti\u00f3 que hay actores del Congreso local que pretenden manipular pol\u00edticamente la integraci\u00f3n de los ayuntamientos instituyentes de San Nicol\u00e1s; \u00d1uu Savi, Santa Cruz del Rinc\u00f3n y Las Vigas, lo que puede generar conflictos sociales en las regiones Monta\u00f1a y Costa Chica.<\/p>\n\n\n\n<p>Apreza Patr\u00f3n record\u00f3 que el pr\u00f3ximo 18 de septiembre se vence el t\u00e9rmino de tiempo que el Congreso de Guerrero tiene para designar a las autoridades de los cuatro nuevos municipios creados apenas el pasado mes de junio.<\/p>\n\n\n\n<p>En ese contexto, advirti\u00f3 que el tema se debe trabajar con mucho cuidado, para garantizar que un trabajo colectivo, de muchos a\u00f1os se vaya a empa\u00f1ar por intereses muy particulares.<\/p>\n\n\n\n<p>Advirti\u00f3 que la integraci\u00f3n de los nuevos cabildos no se debe desahogar en el esquema que algunos actores del Congreso de Guerrero ya han comenzado a plantear: \u201cQue esto sea un reparto de espacios entre los partidos pol\u00edticos\u201d.<\/p>\n\n\n\n<p>Apreza Patr\u00f3n dijo que es necesario respetar la opini\u00f3n de la gente de las zonas que recientemente se separaron de sus antiguas municipalidades, por eso es que resulta importante organizar algunas consultas para tener el pulso real de lo que conviene a la poblaci\u00f3n.<\/p>\n\n\n\n<p>Indic\u00f3: \u201cNo es correcto que en el Congreso, tres o cuatro personas se pongan de acuerdo y le impongan a la ciudadan\u00eda quienes habr\u00e1n de ser sus autoridades\u201d.<\/p>\n\n\n\n<p>De hecho, se\u00f1al\u00f3 que no es correcto convertir al proceso de integraci\u00f3n de las autoridades en los nuevos municipios, en una tarea que permitir\u00e1 la promoci\u00f3n de proyectos pol\u00edticos personales, porque eso puede generar conflictos de car\u00e1cter social.<\/p>\n\n\n\n<p>\u201cRespetemos a la gente, somos representantes populares, nuestro actuar debe de estar marcado por la voz de la gente, no solo en el discurso, debemos cuidar que todo se refleje en los hechos\u201d, anot\u00f3.<\/p>\n\n\n\n<p>Para garantizar que los nuevos municipios arranquen su vida institucional adecuadamente, dijo que se debe ayudar a que sea la gente, m\u00e1s all\u00e1 de los intereses pol\u00edticos, la que genere los consensos.<\/p>\n\n\n\n<p>\u201cEs muy cierto que no debe ser en la sala de juntas de la Jucopo donde se tome una decisi\u00f3n tan importante, porque los pueblos nos han ense\u00f1ado muy bien que saben movilizarse pero adem\u00e1s, que saben que puertas tocar cuando se trata de dar una lucha jur\u00eddica\u201d, anot\u00f3.<br><\/p>\n","protected":false},"excerpt":{"rendered":"<p>&#8212; \u201cHay quienes pretenden manejar el tema bajo el esquema de la repartici\u00f3n de espacios entre los partidos pol\u00edticos\u201d, advierte el coordinador parlamentario del PRI Rogelio Agust\u00edn El coordinador de&hellip; <\/p>\n","protected":false},"author":21,"featured_media":48036,"comment_status":"open","ping_status":"open","sticky":false,"template":"","format":"standard","meta":{"fifu_image_url":"","fifu_image_alt":"","footnotes":""},"categories":[2],"tags":[],"class_list":["post-49932","post","type-post","status-publish","format-standard","has-post-thumbnail","hentry","category-congreso"],"_links":{"self":[{"href":"https:\/\/www.interaccionnoticias.com.mx\/index.php?rest_route=\/wp\/v2\/posts\/49932","targetHints":{"allow":["GET"]}}],"collection":[{"href":"https:\/\/www.interaccionnoticias.com.mx\/index.php?rest_route=\/wp\/v2\/posts"}],"about":[{"href":"https:\/\/www.interaccionnoticias.com.mx\/index.php?rest_route=\/wp\/v2\/types\/post"}],"author":[{"embeddable":true,"href":"https:\/\/www.interaccionnoticias.com.mx\/index.php?rest_route=\/wp\/v2\/users\/21"}],"replies":[{"embeddable":true,"href":"https:\/\/www.interaccionnoticias.com.mx\/index.php?rest_route=%2Fwp%2Fv2%2Fcomments&post=49932"}],"version-history":[{"count":1,"href":"https:\/\/www.interaccionnoticias.com.mx\/index.php?rest_route=\/wp\/v2\/posts\/49932\/revisions"}],"predecessor-version":[{"id":49933,"href":"https:\/\/www.interaccionnoticias.com.mx\/index.php?rest_route=\/wp\/v2\/posts\/49932\/revisions\/49933"}],"wp:featuredmedia":[{"embeddable":true,"href":"https:\/\/www.interaccionnoticias.com.mx\/index.php?rest_route=\/wp\/v2\/media\/48036"}],"wp:attachment":[{"href":"https:\/\/www.interaccionnoticias.com.mx\/index.php?rest_route=%2Fwp%2Fv2%2Fmedia&parent=49932"}],"wp:term":[{"taxonomy":"category","embeddable":true,"href":"https:\/\/www.interaccionnoticias.com.mx\/index.php?rest_route=%2Fwp%2Fv2%2Fcategories&post=49932"},{"taxonomy":"post_tag","embeddable":true,"href":"https:\/\/www.interaccionnoticias.com.mx\/index.php?rest_route=%2Fwp%2Fv2%2Ftags&post=49932"}],"curies":[{"name":"wp","href":"https:\/\/api.w.org\/{rel}","templated":true}]}}