{"id":49920,"date":"2022-08-31T15:30:01","date_gmt":"2022-08-31T20:30:01","guid":{"rendered":"https:\/\/interaccionnoticias.com.mx\/?p=49920"},"modified":"2022-08-31T15:30:06","modified_gmt":"2022-08-31T20:30:06","slug":"fue-una-broncoaspiracion-dice-titular-de-la-fge-respecto-a-la-muerte-de-ezequiel-mora-padre-de-uno-de-los-43","status":"publish","type":"post","link":"https:\/\/www.interaccionnoticias.com.mx\/?p=49920","title":{"rendered":"\u00abFue una broncoaspiraci\u00f3n\u00bb, dice titular de la FGE respecto a la muerte de Ezequiel Mora, padre de uno de los 43"},"content":{"rendered":"\n<p><strong><em>&#8212; Al no existir delito que perseguir, lo que sigue es cerrar la carpeta de investigaci\u00f3n, anticipa Sandra Luz Valdovinos Salmer\u00f3n<\/em><\/strong><\/p>\n\n\n\n<p><strong>Rogelio Agust\u00edn<\/strong><\/p>\n\n\n\n<p>\u00abFue una broncoaspiraci\u00f3n\u00bb, dijo la titular de la Fiscal\u00eda General del Estado (FGE), Sandra Luz Valdovinos Salmer\u00f3n al referirse a la causa de la muerte del se\u00f1or Ezequiel Mora Chora, padre de Alexander Mora Venancio, uno de los 43 desaparecidos de la Normal Rural de Ayotzinapa.<\/p>\n\n\n\n<p>El deceso del se\u00f1or Mora Chora se registr\u00f3 la noche del domingo 28 de agosto en el hotel Vida en el Lago, propiedad del empresario Pedro Segura Valladares, quien junto con un grupo de integrantes del colectivo Nos Faltan 43, participaron en una marcha de apoyo al ex alcalde de Iguala, Jos\u00e9 Luis Abarca Velazquez y su esposa, Mar\u00eda de los Angeles Pineda Villa, en la ciudad de Iguala.<\/p>\n\n\n\n<p>El se\u00f1or Ezequiel fue sepultado el martes en El Peric\u00f3n, comunidad perteneciente a Tecuanapa, al momento de depositar su f\u00e9retro en el pante\u00f3n de la localidad, varios integrantes de su familia manifestaron su desconfianza por la versi\u00f3n oficial.<\/p>\n\n\n\n<p>\u00abNo muri\u00f3, lo mataron\u00bb, dijeron los familiares en el momento de dar el \u00faltimo adi\u00f3s.<\/p>\n\n\n\n<p>La tarde del mi\u00e9rcoles, la titular de la FGE fue cuestionada sobre el tema y se\u00f1al\u00f3 que ya se tienen los resultados del Forense respecto a la causa de muerte.<\/p>\n\n\n\n<p>\u00abFue una broncoaspiracion, no hubo ning\u00fan delito, fue una muerte por causa natural por el estado de salud de la persona\u00bb, dijo en un primer instante.<\/p>\n\n\n\n<p>Luego, Valdovinos Salmer\u00f3n complement\u00f3 la respuesta: \u00abAl no ser constitutiva de ning\u00fan delito, se tiene que cerrar la carpeta de investigaci\u00f3n\u00bb.<\/p>\n\n\n\n<p>Dijo que desde que se confirm\u00f3 el deceso, la instituci\u00f3n a su cargo ha estado en contacto directo con los familiares del se\u00f1or Mora Chora, \u00abpara evitar cualquier malentendido\u00bb.<\/p>\n\n\n\n<p>Sin embargo, reconoci\u00f3 que en caso de que prevalezcan las dudas, la familia puede impugnar cualquier decisi\u00f3n legal que est\u00e9 dentro de la carpeta, ante lo que un juez tendr\u00e1 la \u00faltima palabra, respecto a si se hicieron todas las diligencias del caso, si se ratifica que fue una muerte natural o amerita seguir investigando.<\/p>\n\n\n\n<p>En todo caso, indic\u00f3 que lo importante es responder cualquier duda que la familia tenga respecto al deceso.<br><\/p>\n","protected":false},"excerpt":{"rendered":"<p>&#8212; Al no existir delito que perseguir, lo que sigue es cerrar la carpeta de investigaci\u00f3n, anticipa Sandra Luz Valdovinos Salmer\u00f3n Rogelio Agust\u00edn \u00abFue una broncoaspiraci\u00f3n\u00bb, dijo la titular de&hellip; <\/p>\n","protected":false},"author":21,"featured_media":49921,"comment_status":"open","ping_status":"open","sticky":false,"template":"","format":"standard","meta":{"fifu_image_url":"","fifu_image_alt":"","footnotes":""},"categories":[27],"tags":[],"class_list":["post-49920","post","type-post","status-publish","format-standard","has-post-thumbnail","hentry","category-seguridad-publica"],"_links":{"self":[{"href":"https:\/\/www.interaccionnoticias.com.mx\/index.php?rest_route=\/wp\/v2\/posts\/49920","targetHints":{"allow":["GET"]}}],"collection":[{"href":"https:\/\/www.interaccionnoticias.com.mx\/index.php?rest_route=\/wp\/v2\/posts"}],"about":[{"href":"https:\/\/www.interaccionnoticias.com.mx\/index.php?rest_route=\/wp\/v2\/types\/post"}],"author":[{"embeddable":true,"href":"https:\/\/www.interaccionnoticias.com.mx\/index.php?rest_route=\/wp\/v2\/users\/21"}],"replies":[{"embeddable":true,"href":"https:\/\/www.interaccionnoticias.com.mx\/index.php?rest_route=%2Fwp%2Fv2%2Fcomments&post=49920"}],"version-history":[{"count":1,"href":"https:\/\/www.interaccionnoticias.com.mx\/index.php?rest_route=\/wp\/v2\/posts\/49920\/revisions"}],"predecessor-version":[{"id":49922,"href":"https:\/\/www.interaccionnoticias.com.mx\/index.php?rest_route=\/wp\/v2\/posts\/49920\/revisions\/49922"}],"wp:featuredmedia":[{"embeddable":true,"href":"https:\/\/www.interaccionnoticias.com.mx\/index.php?rest_route=\/wp\/v2\/media\/49921"}],"wp:attachment":[{"href":"https:\/\/www.interaccionnoticias.com.mx\/index.php?rest_route=%2Fwp%2Fv2%2Fmedia&parent=49920"}],"wp:term":[{"taxonomy":"category","embeddable":true,"href":"https:\/\/www.interaccionnoticias.com.mx\/index.php?rest_route=%2Fwp%2Fv2%2Fcategories&post=49920"},{"taxonomy":"post_tag","embeddable":true,"href":"https:\/\/www.interaccionnoticias.com.mx\/index.php?rest_route=%2Fwp%2Fv2%2Ftags&post=49920"}],"curies":[{"name":"wp","href":"https:\/\/api.w.org\/{rel}","templated":true}]}}