{"id":49848,"date":"2022-08-29T20:01:58","date_gmt":"2022-08-30T01:01:58","guid":{"rendered":"https:\/\/interaccionnoticias.com.mx\/?p=49848"},"modified":"2022-08-29T20:02:03","modified_gmt":"2022-08-30T01:02:03","slug":"encabeza-un-proyecto-con-direccion-y-defensa-de-los-derechos-laborales-en-la-secretaria-de-salud-afirma-beatriz-velez","status":"publish","type":"post","link":"https:\/\/www.interaccionnoticias.com.mx\/?p=49848","title":{"rendered":"Encabeza un proyecto con direcci\u00f3n y defensa de los derechos laborales en la Secretar\u00eda de Salud, afirma Beatriz V\u00e9lez"},"content":{"rendered":"\n<p><strong><em>&#8212; A una semana de la elecci\u00f3n, trabajadores de la Costa Chica refrendaron su respaldo a la Planilla C\u00edrculo Oro<\/em><\/strong><\/p>\n\n\n\n<p><strong>San Marcos, Gro., 29 de agosto de 2022.-<\/strong> La candidata de la Planilla C\u00edrculo Oro a la secretar\u00eda general de la Secci\u00f3n 36 del SNTSA, Beatriz V\u00e9lez N\u00fa\u00f1ez, destac\u00f3 que su proyecto tiene direcci\u00f3n, tiene destino y un objetivo fundamental que es la defensa irrestricta de los derechos laborales, por ello el 5 de septiembre ganar\u00e1 la elecci\u00f3n para seguir defendiendo a la base trabajadora de las unidades m\u00e9dicas del sector Salud.<\/p>\n\n\n\n<p>Este lunes, V\u00e9lez N\u00fa\u00f1ez se reuni\u00f3 con trabajadores de las unidades m\u00e9dicas de Tecoanapa, Ayutla de los Libres, Florencio Villareal y San Marcos, en la regi\u00f3n Costa Chica, donde convers\u00f3 respecto a sus propuestas para gestionar mejores prestaciones salariales para los trabajadores de la Secretar\u00eda de Salud.<\/p>\n\n\n\n<p>Los trabajadores le reconocieron su trayectoria como dirigente sindical, y afirmaron que el 5 de septiembre participar\u00e1n alrededor de 15 mil 700 trabajadores y la mayor\u00eda votar\u00e1 por la Planilla C\u00edrculo Oro para que Beatriz V\u00e9lez le d\u00e9 continuidad al trabajo que ha realizado como integrante de la Secci\u00f3n 36 del SNTSA.<\/p>\n\n\n\n<p>Por su parte, la dirigente agradeci\u00f3 el respaldo de los trabajadores, principalmente las muestras de apoyo a trav\u00e9s de diversos aditamentos de campa\u00f1a que fueron costeados por los propios sindicalizados, con el fin de demostrar que avalan la candidatura y el proyecto de Beatriz V\u00e9lez.<\/p>\n\n\n\n<p>\u201cEsta campa\u00f1a la est\u00e1n haciendo ustedes, esta campa\u00f1a es de la base trabajadora porque saben que con Bety V\u00e9lez se garantizan sus derechos laborales; por eso hoy vengo a decirles que no se equivoquen, que la planilla C\u00edrculo Oro tiene proyecto, tiene direcci\u00f3n, tiene destino y sabe cu\u00e1l es el objetivo, y el objetivo fundamental es la defensa irrestricta de los derechos laborales\u201d, expres\u00f3 Beatriz V\u00e9lez.<\/p>\n\n\n\n<p>Afirm\u00f3 que a partir del 5 de septiembre, cuando le entreguen la constancia de mayor\u00eda como ganadora de la elecci\u00f3n sindical, seguir\u00e1 defendiendo los derechos laborales de los trabajadores, para lo cual cuenta con un programa de trabajo ambicioso que refleja las principales demandas laborales.<\/p>\n\n\n\n<p>\u201cUstedes quieren c\u00f3digos acordes a su perfil, ustedes quieren un programa de recategorizaci\u00f3n directa, y es por lo que venimos a comprometernos, para que las enfermeras tengan el c\u00f3digo de Licenciadas en Enfermer\u00eda, sin importar si son regularizadas, formalizadas o federalizadas, que las trabajadoras sociales tengan su c\u00f3digo de trabajo social, que los qu\u00edmicos tengan tambi\u00e9n el C\u00f3digo no de t\u00e9cnico, sino de Qu\u00edmico, que nuestros m\u00e9dicos especialistas tengan los c\u00f3digos de m\u00e9dicos especialistas y no de m\u00e9dicos generales\u201d, explic\u00f3.<\/p>\n\n\n\n<p>Afirm\u00f3 que en la Secci\u00f3n 36 a los trabajadores se les trata como parte de una gran familia, y pidi\u00f3 que no dejen que nadie les quiera confundir con sus ideas, porque hay quienes hablan de sindicalismo, pero no tienen ninguna experiencia en ayudar a trabajadores, y mucho menos conocen lo que implica estar al frente de una organizaci\u00f3n sindical y levantar la voz cuando es necesario ante la autoridad, para conseguir las prestaciones que ella ha conseguido.<\/p>\n","protected":false},"excerpt":{"rendered":"<p>&#8212; A una semana de la elecci\u00f3n, trabajadores de la Costa Chica refrendaron su respaldo a la Planilla C\u00edrculo Oro San Marcos, Gro., 29 de agosto de 2022.- La candidata&hellip; <\/p>\n","protected":false},"author":19,"featured_media":49849,"comment_status":"open","ping_status":"open","sticky":false,"template":"","format":"standard","meta":{"fifu_image_url":"","fifu_image_alt":"","footnotes":""},"categories":[26],"tags":[],"class_list":["post-49848","post","type-post","status-publish","format-standard","has-post-thumbnail","hentry","category-salud"],"_links":{"self":[{"href":"https:\/\/www.interaccionnoticias.com.mx\/index.php?rest_route=\/wp\/v2\/posts\/49848","targetHints":{"allow":["GET"]}}],"collection":[{"href":"https:\/\/www.interaccionnoticias.com.mx\/index.php?rest_route=\/wp\/v2\/posts"}],"about":[{"href":"https:\/\/www.interaccionnoticias.com.mx\/index.php?rest_route=\/wp\/v2\/types\/post"}],"author":[{"embeddable":true,"href":"https:\/\/www.interaccionnoticias.com.mx\/index.php?rest_route=\/wp\/v2\/users\/19"}],"replies":[{"embeddable":true,"href":"https:\/\/www.interaccionnoticias.com.mx\/index.php?rest_route=%2Fwp%2Fv2%2Fcomments&post=49848"}],"version-history":[{"count":1,"href":"https:\/\/www.interaccionnoticias.com.mx\/index.php?rest_route=\/wp\/v2\/posts\/49848\/revisions"}],"predecessor-version":[{"id":49850,"href":"https:\/\/www.interaccionnoticias.com.mx\/index.php?rest_route=\/wp\/v2\/posts\/49848\/revisions\/49850"}],"wp:featuredmedia":[{"embeddable":true,"href":"https:\/\/www.interaccionnoticias.com.mx\/index.php?rest_route=\/wp\/v2\/media\/49849"}],"wp:attachment":[{"href":"https:\/\/www.interaccionnoticias.com.mx\/index.php?rest_route=%2Fwp%2Fv2%2Fmedia&parent=49848"}],"wp:term":[{"taxonomy":"category","embeddable":true,"href":"https:\/\/www.interaccionnoticias.com.mx\/index.php?rest_route=%2Fwp%2Fv2%2Fcategories&post=49848"},{"taxonomy":"post_tag","embeddable":true,"href":"https:\/\/www.interaccionnoticias.com.mx\/index.php?rest_route=%2Fwp%2Fv2%2Ftags&post=49848"}],"curies":[{"name":"wp","href":"https:\/\/api.w.org\/{rel}","templated":true}]}}