{"id":49840,"date":"2022-08-29T18:00:06","date_gmt":"2022-08-29T23:00:06","guid":{"rendered":"https:\/\/interaccionnoticias.com.mx\/?p=49840"},"modified":"2022-08-29T18:00:11","modified_gmt":"2022-08-29T23:00:11","slug":"promueve-gaby-bernal-ante-el-tsje-iniciativa-para-tipificar-como-delito-la-violencia-vicaria","status":"publish","type":"post","link":"https:\/\/www.interaccionnoticias.com.mx\/?p=49840","title":{"rendered":"PROMUEVE GABY BERNAL ANTE EL TSJE INICIATIVA PARA TIPIFICAR COMO DELITO LA VIOLENCIA VICARIA"},"content":{"rendered":"\n<p><em><strong>&#8212; Las y los magistrados y jueces deben conocer esta propuesta para aportar y enriquecerla<\/strong><\/em><\/p>\n\n\n\n<p><strong>Chilpancingo, Gro., 29 de agosto de 2022.- <\/strong>Con la finalidad de dar a conocer y enriquecer la propuesta con quienes aplican las leyes y la justicia en Guerrero, la diputada Gabriela Bernal Resendiz entreg\u00f3 la iniciativa para tipificar como delito la Violencia Vicaria, al Presidente del Tribunal Superior de Justicia del Estado, Raymundo Casarrubias V\u00e1zquez.<\/p>\n\n\n\n<p>Acompa\u00f1ada de activistas en la defensa de las mujeres, as\u00ed como de las fundadoras del Frente Nacional contra la Violencia Vicaria, la legisladora acudi\u00f3 al recinto del Poder Judicial.<\/p>\n\n\n\n<p>Bernal Resendiz precis\u00f3 que despu\u00e9s de presentar esta iniciativa en el Congreso del Estado, ha iniciado una campa\u00f1a para darla a conocer, ya que es un tipo de violencia que muchas mujeres padecen sin saberlo.<\/p>\n\n\n\n<p>Agreg\u00f3 que acudir con el Presidente del TSJEG permitir\u00e1 enriquecer esta iniciativa, la cual se encuentra en an\u00e1lisis en las Comisiones Conjuntas de Igualdad de G\u00e9nero y Justicia, ya que precisamente son los magistrados y jueces quienes aplican las leyes y pueden aportar elementos para que la iniciativa sea completa, sin lagunas u omisiones.<\/p>\n\n\n\n<p>Igualmente record\u00f3 que en la realizaci\u00f3n del foro previo a la presentaci\u00f3n de la iniciativa de la ley para tipificar como delito la Violencia Vicaria, acudieron varias magistradas, quienes expresaron su respaldo y benepl\u00e1cito por esta iniciativa, ya que algunas dijeron haber sido cuestionadas en algunas ocasiones en este tipo de temas.<\/p>\n\n\n\n<p>La violencia vicaria es aquella que busca da\u00f1ar a las mujeres a trav\u00e9s de sus hijos e hijas, quienes son lamentablemente usados por sus c\u00f3nyuges o ex parejas, junto con una violencia institucional que se vuelve sistem\u00e1tica en los procedimientos judiciales familiares, por ello dijo que es preciso que en el TSJEG se conozca de origen esta iniciativa.<\/p>\n\n\n\n<p>Finalmente dijo que obtuvo una respuesta favorable en el presidente del TSJEG quien manifest\u00f3 que habr\u00e1n de analizarla y participar en enriquecerla y aportar lo correspondiente.<\/p>\n\n\n\n<p>Bernal Resendiz mencion\u00f3 que esta campa\u00f1a de difundir la iniciativa ha resultado positiva, ya que ha encontrado eco y respaldo, no solo en sus compa\u00f1eros y compa\u00f1eras legisladoras, si no en varios sectores de la sociedad civil y organizaciones, por lo que adelant\u00f3 que la comisi\u00f3n que preside iniciar\u00e1 su an\u00e1lisis a la mayor brevedad posible, para dictaminar y enviar al pleno.<\/p>\n\n\n\n<p>\u201cSeguimos muy firmes en defender a la mujer, en no permitir que sigan padeciendo ning\u00fan tipo de violencia, afortunadamente cada vez somos m\u00e1s las que nos sumamos a esta lucha y en m\u00ed tienen a una aliada que, desde mis responsabilidades como diputada, estamos abonando para tener una vida libre de violencia\u201d, concluy\u00f3.<\/p>\n","protected":false},"excerpt":{"rendered":"<p>&#8212; Las y los magistrados y jueces deben conocer esta propuesta para aportar y enriquecerla Chilpancingo, Gro., 29 de agosto de 2022.- Con la finalidad de dar a conocer y&hellip; <\/p>\n","protected":false},"author":19,"featured_media":49841,"comment_status":"open","ping_status":"open","sticky":false,"template":"","format":"standard","meta":{"fifu_image_url":"","fifu_image_alt":"","footnotes":""},"categories":[2],"tags":[],"class_list":["post-49840","post","type-post","status-publish","format-standard","has-post-thumbnail","hentry","category-congreso"],"_links":{"self":[{"href":"https:\/\/www.interaccionnoticias.com.mx\/index.php?rest_route=\/wp\/v2\/posts\/49840","targetHints":{"allow":["GET"]}}],"collection":[{"href":"https:\/\/www.interaccionnoticias.com.mx\/index.php?rest_route=\/wp\/v2\/posts"}],"about":[{"href":"https:\/\/www.interaccionnoticias.com.mx\/index.php?rest_route=\/wp\/v2\/types\/post"}],"author":[{"embeddable":true,"href":"https:\/\/www.interaccionnoticias.com.mx\/index.php?rest_route=\/wp\/v2\/users\/19"}],"replies":[{"embeddable":true,"href":"https:\/\/www.interaccionnoticias.com.mx\/index.php?rest_route=%2Fwp%2Fv2%2Fcomments&post=49840"}],"version-history":[{"count":1,"href":"https:\/\/www.interaccionnoticias.com.mx\/index.php?rest_route=\/wp\/v2\/posts\/49840\/revisions"}],"predecessor-version":[{"id":49842,"href":"https:\/\/www.interaccionnoticias.com.mx\/index.php?rest_route=\/wp\/v2\/posts\/49840\/revisions\/49842"}],"wp:featuredmedia":[{"embeddable":true,"href":"https:\/\/www.interaccionnoticias.com.mx\/index.php?rest_route=\/wp\/v2\/media\/49841"}],"wp:attachment":[{"href":"https:\/\/www.interaccionnoticias.com.mx\/index.php?rest_route=%2Fwp%2Fv2%2Fmedia&parent=49840"}],"wp:term":[{"taxonomy":"category","embeddable":true,"href":"https:\/\/www.interaccionnoticias.com.mx\/index.php?rest_route=%2Fwp%2Fv2%2Fcategories&post=49840"},{"taxonomy":"post_tag","embeddable":true,"href":"https:\/\/www.interaccionnoticias.com.mx\/index.php?rest_route=%2Fwp%2Fv2%2Ftags&post=49840"}],"curies":[{"name":"wp","href":"https:\/\/api.w.org\/{rel}","templated":true}]}}