{"id":49829,"date":"2022-08-29T17:19:56","date_gmt":"2022-08-29T22:19:56","guid":{"rendered":"https:\/\/interaccionnoticias.com.mx\/?p=49829"},"modified":"2022-08-29T17:20:01","modified_gmt":"2022-08-29T22:20:01","slug":"la-educacion-es-el-unico-camino-para-la-paz-para-el-desarrollo-y-el-bienestar-duradero-evelyn-salgado","status":"publish","type":"post","link":"https:\/\/www.interaccionnoticias.com.mx\/?p=49829","title":{"rendered":"\u00abLa Educaci\u00f3n es el \u00fanico camino para la paz, para el desarrollo y el bienestar duradero\u00bb: Evelyn Salgado"},"content":{"rendered":"\n<p><strong><em>&#8212; La gobernadora inaugur\u00f3 el ciclo escolar 2022-2023, en el cual regresan a clases presenciales m\u00e1s de un mill\u00f3n de alumnos de nivel b\u00e1sico en Guerrero<br>&#8212; Anuncia Evelyn Salgado la Beca \u00abIgnacio Manuel Altamirano\u00bb a m\u00e1s de 3 mil estudiantes de comunidades con alta y muy alta marginaci\u00f3n<\/em><\/strong><\/p>\n\n\n\n<p><strong>Chilpancingo, Gro. 29 de agosto del 2022. &#8211; <\/strong>Desde la emblem\u00e1tica Escuela Primaria \u00abFray Bartolom\u00e9 de las Casas\u00bb en Chilpancingo, la gobernadora Evelyn Salgado Pineda, declar\u00f3 inaugurado el Ciclo Escolar 2022-2023 en Guerrero, con el regreso a clases presenciales de m\u00e1s de un mill\u00f3n de alumnos con el apoyo de casi 70 mil docentes, en las 11 mil 800 escuelas de educaci\u00f3n inicial preescolar, primaria y secundaria en todo el Estado.<\/p>\n\n\n\n<p>Luego de reafirmar su compromiso absoluto con la educaci\u00f3n en Guerrero, la gobernadora dio el banderazo de inicio de registro del programa de la Beca \u00abIgnacio Manuel Altamirano\u00bb, para ni\u00f1as, ni\u00f1os y adolescentes que cursen estudios de primaria y secundaria, en escuelas con alta y muy alta marginaci\u00f3n del Estado, con una meta de 3 mil 395 beneficiarios con un apoyo de 4 mil pesos, iniciando el pr\u00f3ximo mes de octubre.<\/p>\n\n\n\n<p>Con la energ\u00eda y alegr\u00eda de las ni\u00f1as y ni\u00f1os de la Escuela Primaria \u00abFray Bartolom\u00e9 de las Casas\u00bb, una de las instituciones educativas m\u00e1s antiguas de la capital del Estado con m\u00e1s de 80 a\u00f1os de servicio, Evelyn Salgado, encabez\u00f3 este acto de inicio del nuevo periodo escolar, con todas las medidas sanitarias, donde destac\u00f3 que ya se encuentran distribuidos en todas las escuelas de Guerrero, los 4.7 millones de libros de texto gratuitos.<\/p>\n\n\n\n<p>\u00abNuestros padres de familia, en coordinaci\u00f3n con los maestros y alumnos, est\u00e1n logrando esta gran revoluci\u00f3n educativa. No est\u00e1n solos, cuentan con el respaldo del gobierno del Estado, somos un gran equipo, juntas y juntos es como debemos transformar la educaci\u00f3n en Guerrero\u00bb, expres\u00f3 Evelyn Salgado, durante el evento.<\/p>\n\n\n\n<p>Adem\u00e1s, se\u00f1al\u00f3 que una de las prioridades de su gobierno, es garantizar infraestructura educativa de calidad y los derechos de los maestros de Guerrero, as\u00ed como las condiciones necesarias para que todas las ni\u00f1as y ni\u00f1os en Guerrero, no tengan que dejar sus estudios y puedan dedicarse a estudiar.<\/p>\n\n\n\n<p>En su mensaje a todos las alumnas y alumnos que inician este ciclo escolar, la gobernadora refrend\u00f3 su compromiso en garantizar las condiciones para que asistan a las escuelas con el objetivo de seguir aprendiendo y desarrollando sus habilidades y capacidades para la vida, pues sostuvo que, \u00abla educaci\u00f3n es el \u00fanico camino para la paz, para el desarrollo y el bienestar duradero\u00bb.<\/p>\n\n\n\n<p>Por su parte, el secretario de Educaci\u00f3n Guerrero, Marcial Rodr\u00edguez Salda\u00f1a, destac\u00f3 que a trav\u00e9s de la jornada de vacunaci\u00f3n contra el COVID-19, se logr\u00f3 vacunar 65 mil 824 trabajadores de la educaci\u00f3n en cuya operaci\u00f3n se invirtieron m\u00e1s de 2.5 millones de pesos, adem\u00e1s de entregar material desinfectante de limpieza, deportivo y c\u00edvico para este periodo a 2 mil 526 escuelas de nivel b\u00e1sico en beneficio de 169 mil 819 alumnos con una inversi\u00f3n de 38 millones de pesos, as\u00ed como apoyo con material a oficinas administrativas con m\u00e1s de 15 millones de pesos de inversi\u00f3n.<\/p>\n\n\n\n<p>Rodr\u00edguez Salda\u00f1a, destac\u00f3 el anuncio y la decisi\u00f3n del Presidente de la Rep\u00fablica, Andr\u00e9s Manuel L\u00f3pez Obrador, para instalar en Guerrero 212 antenas dentro del programa \u00abInternet para Todos\u00bb, beneficiando a escuelas ubicadas en mil 45 poblaciones en las regiones Costa Grande, Costa Chica y la Monta\u00f1a, para mejorar la conectividad de Internet para los estudiantes de Guerrero.<\/p>\n\n\n\n<p>Por su parte, el secretario de la Secci\u00f3n 14 del SNTE, Javier San Mart\u00edn Jaramillo, expres\u00f3 su reconocimiento a la mandataria estatal por dirigir con acierto los destinos de Guerrero y su respaldo al magisterio guerrerense.<\/p>\n\n\n\n<p>En el evento, la gobernadora Evelyn Salgado Pineda, acompa\u00f1ada por el representante de la Secretar\u00eda de Educaci\u00f3n P\u00fablica, Ram\u00f3n C\u00e1rdenas Villareal, Coordinador General de Programas Especiales y Vinculaci\u00f3n Social de la SEP, declar\u00f3 formalmente inaugurado los trabajos educativos del Ciclo Escolar 2022-2023.<\/p>\n\n\n\n<p>Asistieron la alcaldesa de Chilpancingo, Norma Otilia Hern\u00e1ndez Mart\u00ednez; el Presidente del Tribunal Superior de Justicia, Raymundo Casarrubias V\u00e1zquez; la secretar\u00eda de Desarrollo y Bienestar Social, Maricarmen Cabrera Lagunas; el Director de la escuela Fray Bartolom\u00e9, Sabino Bar\u00f3n Benancio y el Presidente de la Comisi\u00f3n de Educaci\u00f3n del Congreso del Estado, Masedonio Mendoza Basurto, entre otros funcionarios estatales.<\/p>\n","protected":false},"excerpt":{"rendered":"<p>&#8212; La gobernadora inaugur\u00f3 el ciclo escolar 2022-2023, en el cual regresan a clases presenciales m\u00e1s de un mill\u00f3n de alumnos de nivel b\u00e1sico en Guerrero&#8212; Anuncia Evelyn Salgado la&hellip; <\/p>\n","protected":false},"author":19,"featured_media":49830,"comment_status":"open","ping_status":"open","sticky":false,"template":"","format":"standard","meta":{"fifu_image_url":"","fifu_image_alt":"","footnotes":""},"categories":[11],"tags":[],"class_list":["post-49829","post","type-post","status-publish","format-standard","has-post-thumbnail","hentry","category-guerrero"],"_links":{"self":[{"href":"https:\/\/www.interaccionnoticias.com.mx\/index.php?rest_route=\/wp\/v2\/posts\/49829","targetHints":{"allow":["GET"]}}],"collection":[{"href":"https:\/\/www.interaccionnoticias.com.mx\/index.php?rest_route=\/wp\/v2\/posts"}],"about":[{"href":"https:\/\/www.interaccionnoticias.com.mx\/index.php?rest_route=\/wp\/v2\/types\/post"}],"author":[{"embeddable":true,"href":"https:\/\/www.interaccionnoticias.com.mx\/index.php?rest_route=\/wp\/v2\/users\/19"}],"replies":[{"embeddable":true,"href":"https:\/\/www.interaccionnoticias.com.mx\/index.php?rest_route=%2Fwp%2Fv2%2Fcomments&post=49829"}],"version-history":[{"count":1,"href":"https:\/\/www.interaccionnoticias.com.mx\/index.php?rest_route=\/wp\/v2\/posts\/49829\/revisions"}],"predecessor-version":[{"id":49831,"href":"https:\/\/www.interaccionnoticias.com.mx\/index.php?rest_route=\/wp\/v2\/posts\/49829\/revisions\/49831"}],"wp:featuredmedia":[{"embeddable":true,"href":"https:\/\/www.interaccionnoticias.com.mx\/index.php?rest_route=\/wp\/v2\/media\/49830"}],"wp:attachment":[{"href":"https:\/\/www.interaccionnoticias.com.mx\/index.php?rest_route=%2Fwp%2Fv2%2Fmedia&parent=49829"}],"wp:term":[{"taxonomy":"category","embeddable":true,"href":"https:\/\/www.interaccionnoticias.com.mx\/index.php?rest_route=%2Fwp%2Fv2%2Fcategories&post=49829"},{"taxonomy":"post_tag","embeddable":true,"href":"https:\/\/www.interaccionnoticias.com.mx\/index.php?rest_route=%2Fwp%2Fv2%2Ftags&post=49829"}],"curies":[{"name":"wp","href":"https:\/\/api.w.org\/{rel}","templated":true}]}}