{"id":49826,"date":"2022-08-29T16:38:47","date_gmt":"2022-08-29T21:38:47","guid":{"rendered":"https:\/\/interaccionnoticias.com.mx\/?p=49826"},"modified":"2022-08-29T16:38:52","modified_gmt":"2022-08-29T21:38:52","slug":"dejan-decapitado-en-los-lirios-en-acapulco","status":"publish","type":"post","link":"https:\/\/www.interaccionnoticias.com.mx\/?p=49826","title":{"rendered":"Dejan decapitado en Los Lirios en Acapulco"},"content":{"rendered":"\n<p><strong><em>&#8212; Tambi\u00e9n colocan un mensaje en cartulina<\/em><\/strong><\/p>\n\n\n\n<p><strong>Javier Trujillo<\/strong><\/p>\n\n\n\n<p><strong>Acapulco, Gro.- <\/strong>Est\u00e1 madrugada el cuerpo de un hombre decapitado, fue arrojado a la v\u00eda p\u00fablica y en una cubeta dejaron la cabeza en la zona suburbana del puerto de Acapulco.<\/p>\n\n\n\n<p>Alrededor de las 03:00 horas, se alert\u00f3 a las autoridades del cuerpo de un hombre decapitado entre las calles de Juan R Escudero en la esquina que forman las colonias Benito Ju\u00e1rez y Los Lirios, a un lado del mercado.<\/p>\n\n\n\n<p>A la escena del crimen llegaron efectivos de la Polic\u00eda investigadora Ministerial (P.I.M.), quienes encontraron el cad\u00e1ver de un hombre privado de la vida y decapitado.<\/p>\n\n\n\n<p>En seguida acordonaron el \u00e1rea y llamaron al personal de Servicios Periciales quienes realizaron las diligencias y se estableci\u00f3 qu\u00e9 es una persona de aproximadamente 25 a 30 a\u00f1os de edad.<\/p>\n\n\n\n<p>La v\u00edctima se encuentra en calidad de desconocido y se indica que solo vest\u00eda bermuda blanca con rayas de colores, sin playera, y estaba amarrada con las manos hacia atr\u00e1s con una playera color roja.<\/p>\n\n\n\n<p>Las autoridades, indican que sobre el abdomen del hombre decapitado, encontraron una cubeta y al interior la extremidad, y bajo la cubeta una cartulina con una leyenda de la cual se ignora su contenido.<\/p>\n\n\n\n<p>Cabe mencionar que el reporte del hecho de sangre se report\u00f3 oficialmente hasta las 07:00 horas del citado asentamiento humano.<\/p>\n\n\n\n<p>El cad\u00e1ver fue trasladado a las instalaciones del Servicio M\u00e9dico Forense (Semefo), en la zona de El Quemado en calidad de desconocido.<br><\/p>\n","protected":false},"excerpt":{"rendered":"<p>&#8212; Tambi\u00e9n colocan un mensaje en cartulina Javier Trujillo Acapulco, Gro.- Est\u00e1 madrugada el cuerpo de un hombre decapitado, fue arrojado a la v\u00eda p\u00fablica y en una cubeta dejaron&hellip; <\/p>\n","protected":false},"author":3,"featured_media":49827,"comment_status":"open","ping_status":"open","sticky":false,"template":"","format":"standard","meta":{"fifu_image_url":"","fifu_image_alt":"","footnotes":""},"categories":[27],"tags":[],"class_list":["post-49826","post","type-post","status-publish","format-standard","has-post-thumbnail","hentry","category-seguridad-publica"],"_links":{"self":[{"href":"https:\/\/www.interaccionnoticias.com.mx\/index.php?rest_route=\/wp\/v2\/posts\/49826","targetHints":{"allow":["GET"]}}],"collection":[{"href":"https:\/\/www.interaccionnoticias.com.mx\/index.php?rest_route=\/wp\/v2\/posts"}],"about":[{"href":"https:\/\/www.interaccionnoticias.com.mx\/index.php?rest_route=\/wp\/v2\/types\/post"}],"author":[{"embeddable":true,"href":"https:\/\/www.interaccionnoticias.com.mx\/index.php?rest_route=\/wp\/v2\/users\/3"}],"replies":[{"embeddable":true,"href":"https:\/\/www.interaccionnoticias.com.mx\/index.php?rest_route=%2Fwp%2Fv2%2Fcomments&post=49826"}],"version-history":[{"count":1,"href":"https:\/\/www.interaccionnoticias.com.mx\/index.php?rest_route=\/wp\/v2\/posts\/49826\/revisions"}],"predecessor-version":[{"id":49828,"href":"https:\/\/www.interaccionnoticias.com.mx\/index.php?rest_route=\/wp\/v2\/posts\/49826\/revisions\/49828"}],"wp:featuredmedia":[{"embeddable":true,"href":"https:\/\/www.interaccionnoticias.com.mx\/index.php?rest_route=\/wp\/v2\/media\/49827"}],"wp:attachment":[{"href":"https:\/\/www.interaccionnoticias.com.mx\/index.php?rest_route=%2Fwp%2Fv2%2Fmedia&parent=49826"}],"wp:term":[{"taxonomy":"category","embeddable":true,"href":"https:\/\/www.interaccionnoticias.com.mx\/index.php?rest_route=%2Fwp%2Fv2%2Fcategories&post=49826"},{"taxonomy":"post_tag","embeddable":true,"href":"https:\/\/www.interaccionnoticias.com.mx\/index.php?rest_route=%2Fwp%2Fv2%2Ftags&post=49826"}],"curies":[{"name":"wp","href":"https:\/\/api.w.org\/{rel}","templated":true}]}}