{"id":49823,"date":"2022-08-29T15:25:59","date_gmt":"2022-08-29T20:25:59","guid":{"rendered":"https:\/\/interaccionnoticias.com.mx\/?p=49823"},"modified":"2022-08-29T15:26:03","modified_gmt":"2022-08-29T20:26:03","slug":"llega-caravana-de-la-enuf-al-parador-del-marques","status":"publish","type":"post","link":"https:\/\/www.interaccionnoticias.com.mx\/?p=49823","title":{"rendered":"Llega caravana de la ENUF al Parador del Marqu\u00e9s"},"content":{"rendered":"\n<p>&#8212; Bloquean dos de cuatro carriles<\/p>\n\n\n\n<p>Jes\u00fas Dorantes<\/p>\n\n\n\n<p>Los trabajadores de la Escuela Normal Urbana Federal bloquean enlos carriles norte-sur de la Autopista del Sol, a la altura del parador de Marqu\u00e9s.<\/p>\n\n\n\n<p>La Caravana que est\u00e1 integrada por al menos 10 veh\u00edculos con lonas en los cofres se instal\u00f3 cerrando dos de los cuatro carriles, en la entrada sur de Chilpancingo.<\/p>\n\n\n\n<p>Hasta el momento solo ha llegado al lugar personal de la Guardia Nacional (GN), que se encarga de desviar el tr\u00e1fico del lado de la zona de tiendas departamentales, pero no ha hecho presencia la polic\u00eda del estado.<br><\/p>\n\n\n\n<p><\/p>\n","protected":false},"excerpt":{"rendered":"<p>&#8212; Bloquean dos de cuatro carriles Jes\u00fas Dorantes Los trabajadores de la Escuela Normal Urbana Federal bloquean enlos carriles norte-sur de la Autopista del Sol, a la altura del parador&hellip; <\/p>\n","protected":false},"author":8,"featured_media":49824,"comment_status":"open","ping_status":"open","sticky":false,"template":"","format":"standard","meta":{"fifu_image_url":"","fifu_image_alt":"","footnotes":""},"categories":[6],"tags":[],"class_list":["post-49823","post","type-post","status-publish","format-standard","has-post-thumbnail","hentry","category-educacion"],"_links":{"self":[{"href":"https:\/\/www.interaccionnoticias.com.mx\/index.php?rest_route=\/wp\/v2\/posts\/49823","targetHints":{"allow":["GET"]}}],"collection":[{"href":"https:\/\/www.interaccionnoticias.com.mx\/index.php?rest_route=\/wp\/v2\/posts"}],"about":[{"href":"https:\/\/www.interaccionnoticias.com.mx\/index.php?rest_route=\/wp\/v2\/types\/post"}],"author":[{"embeddable":true,"href":"https:\/\/www.interaccionnoticias.com.mx\/index.php?rest_route=\/wp\/v2\/users\/8"}],"replies":[{"embeddable":true,"href":"https:\/\/www.interaccionnoticias.com.mx\/index.php?rest_route=%2Fwp%2Fv2%2Fcomments&post=49823"}],"version-history":[{"count":1,"href":"https:\/\/www.interaccionnoticias.com.mx\/index.php?rest_route=\/wp\/v2\/posts\/49823\/revisions"}],"predecessor-version":[{"id":49825,"href":"https:\/\/www.interaccionnoticias.com.mx\/index.php?rest_route=\/wp\/v2\/posts\/49823\/revisions\/49825"}],"wp:featuredmedia":[{"embeddable":true,"href":"https:\/\/www.interaccionnoticias.com.mx\/index.php?rest_route=\/wp\/v2\/media\/49824"}],"wp:attachment":[{"href":"https:\/\/www.interaccionnoticias.com.mx\/index.php?rest_route=%2Fwp%2Fv2%2Fmedia&parent=49823"}],"wp:term":[{"taxonomy":"category","embeddable":true,"href":"https:\/\/www.interaccionnoticias.com.mx\/index.php?rest_route=%2Fwp%2Fv2%2Fcategories&post=49823"},{"taxonomy":"post_tag","embeddable":true,"href":"https:\/\/www.interaccionnoticias.com.mx\/index.php?rest_route=%2Fwp%2Fv2%2Ftags&post=49823"}],"curies":[{"name":"wp","href":"https:\/\/api.w.org\/{rel}","templated":true}]}}