{"id":49819,"date":"2022-08-29T15:15:12","date_gmt":"2022-08-29T20:15:12","guid":{"rendered":"https:\/\/interaccionnoticias.com.mx\/?p=49819"},"modified":"2022-08-29T15:15:17","modified_gmt":"2022-08-29T20:15:17","slug":"declaran-ante-la-fge-empleados-del-hotel-en-que-murio-ezequiel-mora-padre-de-uno-de-los-43-desaparecidos-de-ayotzinapa","status":"publish","type":"post","link":"https:\/\/www.interaccionnoticias.com.mx\/?p=49819","title":{"rendered":"Declaran ante la FGE, empleados del hotel en que muri\u00f3 Ezequiel Mora, padre de uno de los 43 desaparecidos de Ayotzinapa"},"content":{"rendered":"\n<p><strong><em>&#8212; La administraci\u00f3n entrega todos sus videos de vigilancia, refiere v\u00eda comunicado<\/em><\/strong><\/p>\n\n\n\n<p><strong>Rogelio Agust\u00edn<\/strong><\/p>\n\n\n\n<p>La administraci\u00f3n del hotel \u201cVida en el Lago\u201d, donde falleci\u00f3 el se\u00f1or Ezequiel Mora Chora confirm\u00f3 que ha puesto a disposici\u00f3n a todo el personal que estuvo de servicio la jornada del domingo 28 de junio, fecha en la que el padre de Alexander Mora Venancio, uno de los 43 desaparecidos desde el 26 de septiembre de 2014, se hosped\u00f3 junto con cinco acompa\u00f1antes.<\/p>\n\n\n\n<p>En un comunicado, el hotel de referencia inform\u00f3 que don Ezequiel Mora lleg\u00f3 a sus instalaciones alrededor de las 12:30 horas del domingo, acompa\u00f1ado de cinco personas m\u00e1s, que se hospedaron en las habitaciones 1 y 2.<\/p>\n\n\n\n<p>Para las 19:21 horas, el comunicado se\u00f1ala que uno de los acompa\u00f1antes acudi\u00f3 a la recepci\u00f3n para solicitar el apoyo de una ambulancia para atender al se\u00f1or Ezequiel, lo que propici\u00f3 un llamado al n\u00famero de emergencias 911.<\/p>\n\n\n\n<p>Ante la demora de la ambulancia, el texto colocado en la p\u00e1gina de Facebook del hotel, refiere que un param\u00e9dico local y un enfermero del hotel le brindaron los primeros auxilios.<\/p>\n\n\n\n<p>\u201cSin embargo, por las enfermedades propias de su edad -se\u00f1alaron sus acompa\u00f1antes- dej\u00f3 de presentar signos vitales\u201d, refiere el comunicado.<br>Una vez que no llegaba ninguna ambulancia, los acompa\u00f1antes del se\u00f1or Mora pidieron al personal del hotel que se recurriera a la Polic\u00eda del Estado.<\/p>\n\n\n\n<p>Entonces, la administraci\u00f3n del hotel de referencia se comunic\u00f3 con la Fiscal\u00eda Regional con sede en Iguala, quienes llegaron a dichas instalaciones con elementos de la Polic\u00eda Ministerial, peritos y un agente del Ministerio P\u00fablico.<\/p>\n\n\n\n<p>Se anota que todos los trabajadores del hotel que estuvieron de servicio la jornada del domingo, se pusieron a disposici\u00f3n de la FGE por voluntad propia, de tal suerte que ya fueron interrogados y entregaron los videos captados en sus c\u00e1maras de vigilancia.<\/p>\n\n\n\n<p>En el documento no se indica si como lo declar\u00f3 el director de Tlachinollan, Abel Barrera Hern\u00e1ndez, el hotel Vida en el Lago es propiedad del ex candidato a la gubernatura del PT, Pedro Segura Valladares, quien la tarde del domingo, en el mitin celebrado para exigir la libertad de Jos\u00e9 Luis Abarca y su esposa, Mar\u00eda de los Angeles Pineda Villa, asegur\u00f3 que los abogados del colectivo \u201cNos Faltan 43\u201d, han sacado provecho de la desaparici\u00f3n de los 43 normalistas rurales.<br><\/p>\n\n\n\n<figure class=\"wp-block-gallery columns-1 is-cropped wp-block-gallery-1 is-layout-flex wp-block-gallery-is-layout-flex\"><ul class=\"blocks-gallery-grid\"><li class=\"blocks-gallery-item\"><figure><img decoding=\"async\" src=\"data:image\/gif;base64,R0lGODlhAQABAIAAAAAAAP\/\/\/ywAAAAAAQABAAACAUwAOw==\" fifu-lazy=\"1\" fifu-data-sizes=\"auto\" fifu-data-srcset=\"https:\/\/i0.wp.com\/interaccionnoticias.com.mx\/wp-content\/uploads\/2022\/08\/Vida-en-el-Lago-768x1024.jpg?ssl=1&w=75&resize=75&ssl=1 75w, https:\/\/i0.wp.com\/interaccionnoticias.com.mx\/wp-content\/uploads\/2022\/08\/Vida-en-el-Lago-768x1024.jpg?ssl=1&w=100&resize=100&ssl=1 100w, https:\/\/i0.wp.com\/interaccionnoticias.com.mx\/wp-content\/uploads\/2022\/08\/Vida-en-el-Lago-768x1024.jpg?ssl=1&w=150&resize=150&ssl=1 150w, https:\/\/i0.wp.com\/interaccionnoticias.com.mx\/wp-content\/uploads\/2022\/08\/Vida-en-el-Lago-768x1024.jpg?ssl=1&w=240&resize=240&ssl=1 240w, https:\/\/i0.wp.com\/interaccionnoticias.com.mx\/wp-content\/uploads\/2022\/08\/Vida-en-el-Lago-768x1024.jpg?ssl=1&w=320&resize=320&ssl=1 320w, https:\/\/i0.wp.com\/interaccionnoticias.com.mx\/wp-content\/uploads\/2022\/08\/Vida-en-el-Lago-768x1024.jpg?ssl=1&w=500&resize=500&ssl=1 500w, https:\/\/i0.wp.com\/interaccionnoticias.com.mx\/wp-content\/uploads\/2022\/08\/Vida-en-el-Lago-768x1024.jpg?ssl=1&w=640&resize=640&ssl=1 640w, https:\/\/i0.wp.com\/interaccionnoticias.com.mx\/wp-content\/uploads\/2022\/08\/Vida-en-el-Lago-768x1024.jpg?ssl=1&w=800&resize=800&ssl=1 800w, https:\/\/i0.wp.com\/interaccionnoticias.com.mx\/wp-content\/uploads\/2022\/08\/Vida-en-el-Lago-768x1024.jpg?ssl=1&w=1024&resize=1024&ssl=1 1024w, https:\/\/i0.wp.com\/interaccionnoticias.com.mx\/wp-content\/uploads\/2022\/08\/Vida-en-el-Lago-768x1024.jpg?ssl=1&w=1280&resize=1280&ssl=1 1280w, https:\/\/i0.wp.com\/interaccionnoticias.com.mx\/wp-content\/uploads\/2022\/08\/Vida-en-el-Lago-768x1024.jpg?ssl=1&w=1600&resize=1600&ssl=1 1600w\" fifu-data-src=\"https:\/\/i0.wp.com\/interaccionnoticias.com.mx\/wp-content\/uploads\/2022\/08\/Vida-en-el-Lago-768x1024.jpg?ssl=1\" alt=\"\" data-id=\"49821\" data-full-url=\"https:\/\/interaccionnoticias.com.mx\/wp-content\/uploads\/2022\/08\/Vida-en-el-Lago.jpg\" data-link=\"https:\/\/interaccionnoticias.com.mx\/?attachment_id=49821\" class=\"wp-image-49821\"\/><\/figure><\/li><\/ul><\/figure>\n","protected":false},"excerpt":{"rendered":"<p>&#8212; La administraci\u00f3n entrega todos sus videos de vigilancia, refiere v\u00eda comunicado Rogelio Agust\u00edn La administraci\u00f3n del hotel \u201cVida en el Lago\u201d, donde falleci\u00f3 el se\u00f1or Ezequiel Mora Chora confirm\u00f3&hellip; <\/p>\n","protected":false},"author":21,"featured_media":49820,"comment_status":"open","ping_status":"open","sticky":false,"template":"","format":"standard","meta":{"fifu_image_url":"","fifu_image_alt":"","footnotes":""},"categories":[27],"tags":[],"class_list":["post-49819","post","type-post","status-publish","format-standard","has-post-thumbnail","hentry","category-seguridad-publica"],"_links":{"self":[{"href":"https:\/\/www.interaccionnoticias.com.mx\/index.php?rest_route=\/wp\/v2\/posts\/49819","targetHints":{"allow":["GET"]}}],"collection":[{"href":"https:\/\/www.interaccionnoticias.com.mx\/index.php?rest_route=\/wp\/v2\/posts"}],"about":[{"href":"https:\/\/www.interaccionnoticias.com.mx\/index.php?rest_route=\/wp\/v2\/types\/post"}],"author":[{"embeddable":true,"href":"https:\/\/www.interaccionnoticias.com.mx\/index.php?rest_route=\/wp\/v2\/users\/21"}],"replies":[{"embeddable":true,"href":"https:\/\/www.interaccionnoticias.com.mx\/index.php?rest_route=%2Fwp%2Fv2%2Fcomments&post=49819"}],"version-history":[{"count":1,"href":"https:\/\/www.interaccionnoticias.com.mx\/index.php?rest_route=\/wp\/v2\/posts\/49819\/revisions"}],"predecessor-version":[{"id":49822,"href":"https:\/\/www.interaccionnoticias.com.mx\/index.php?rest_route=\/wp\/v2\/posts\/49819\/revisions\/49822"}],"wp:featuredmedia":[{"embeddable":true,"href":"https:\/\/www.interaccionnoticias.com.mx\/index.php?rest_route=\/wp\/v2\/media\/49820"}],"wp:attachment":[{"href":"https:\/\/www.interaccionnoticias.com.mx\/index.php?rest_route=%2Fwp%2Fv2%2Fmedia&parent=49819"}],"wp:term":[{"taxonomy":"category","embeddable":true,"href":"https:\/\/www.interaccionnoticias.com.mx\/index.php?rest_route=%2Fwp%2Fv2%2Fcategories&post=49819"},{"taxonomy":"post_tag","embeddable":true,"href":"https:\/\/www.interaccionnoticias.com.mx\/index.php?rest_route=%2Fwp%2Fv2%2Ftags&post=49819"}],"curies":[{"name":"wp","href":"https:\/\/api.w.org\/{rel}","templated":true}]}}