{"id":49806,"date":"2022-08-29T13:18:34","date_gmt":"2022-08-29T18:18:34","guid":{"rendered":"https:\/\/interaccionnoticias.com.mx\/?p=49806"},"modified":"2022-08-29T13:18:39","modified_gmt":"2022-08-29T18:18:39","slug":"fge-ya-investiga-la-muerte-de-ezequiel-mora-padre-de-uno-de-los-43","status":"publish","type":"post","link":"https:\/\/www.interaccionnoticias.com.mx\/?p=49806","title":{"rendered":"FGE ya investiga la muerte de Ezequiel Mora, padre de uno de los 43"},"content":{"rendered":"\n<p><strong><em>&#8212; La dependencia confirma la integraci\u00f3n de una carpeta de investigaci\u00f3n<\/em><\/strong><\/p>\n\n\n\n<p><strong>Rogelio Agust\u00edn<\/strong><\/p>\n\n\n\n<p>La Fiscal\u00eda General del Estado (FGE) confirm\u00f3 la apertura de una Carpeta de Investigaci\u00f3n a partir de la muerte del se\u00f1or Ezequiel Mora Chora, padre del estudiante desaparecido Alexander Mora Venancio, v\u00edctima de los ataques del 26 de septiembre de 2014, en Iguala de la Independencia.<\/p>\n\n\n\n<p>La FGE inform\u00f3 el mediod\u00eda del lunes, que elementos de la Polic\u00eda Investigadora Ministerial (PIM), junto con personal de Servicios Periciales se trasladaron al hotel Casa en el Lago, ubicado en el municipio de Tepecoacuilco, donde se gener\u00f3 el deceso del se\u00f1or Mora Chora.<\/p>\n\n\n\n<p>Ah\u00ed, los agentes de la FGE realizar los actos de investigaci\u00f3n correspondientes.<\/p>\n\n\n\n<p>\u201cEs preciso se\u00f1alar que esta Fiscal\u00eda General atendi\u00f3 de manera directa a los familiares de la v\u00edctima\u201d, se\u00f1ala el comunicado emitido despu\u00e9s de las 12:00 horas del 29 de agosto.<\/p>\n\n\n\n<p>La ma\u00f1ana del lunes, el director del Centro de Derechos Humanos de la Monta\u00f1a (CDHM), Abel Barrera Hern\u00e1ndez exigi\u00f3 que se investigue el contexto en que se gener\u00f3 el deceso.<\/p>\n\n\n\n<p>Barrera Hern\u00e1ndez responsabiliz\u00f3 del traslado de un grupo de padres de los 43 al empresario Pedro Segura Valladares, quien fuera candidato a la gubernatura por el Partido del Trabajo (PT).<\/p>\n\n\n\n<p>Don Ezequiel no estuvo en la marcha del domingo por la tarde, realizada en la cabecera municipal de Iguala, misma que fue convocada para exigir la liberaci\u00f3n del ex alcalde Jos\u00e9 Luis Abarca y su esposa, Mar\u00eda de los \u00c1ngeles Pineda Villa, quienes permanecen presos desde el 2014.<\/p>\n","protected":false},"excerpt":{"rendered":"<p>&#8212; La dependencia confirma la integraci\u00f3n de una carpeta de investigaci\u00f3n Rogelio Agust\u00edn La Fiscal\u00eda General del Estado (FGE) confirm\u00f3 la apertura de una Carpeta de Investigaci\u00f3n a partir de&hellip; <\/p>\n","protected":false},"author":21,"featured_media":49807,"comment_status":"open","ping_status":"open","sticky":false,"template":"","format":"standard","meta":{"fifu_image_url":"","fifu_image_alt":"","footnotes":""},"categories":[27],"tags":[],"class_list":["post-49806","post","type-post","status-publish","format-standard","has-post-thumbnail","hentry","category-seguridad-publica"],"_links":{"self":[{"href":"https:\/\/www.interaccionnoticias.com.mx\/index.php?rest_route=\/wp\/v2\/posts\/49806","targetHints":{"allow":["GET"]}}],"collection":[{"href":"https:\/\/www.interaccionnoticias.com.mx\/index.php?rest_route=\/wp\/v2\/posts"}],"about":[{"href":"https:\/\/www.interaccionnoticias.com.mx\/index.php?rest_route=\/wp\/v2\/types\/post"}],"author":[{"embeddable":true,"href":"https:\/\/www.interaccionnoticias.com.mx\/index.php?rest_route=\/wp\/v2\/users\/21"}],"replies":[{"embeddable":true,"href":"https:\/\/www.interaccionnoticias.com.mx\/index.php?rest_route=%2Fwp%2Fv2%2Fcomments&post=49806"}],"version-history":[{"count":1,"href":"https:\/\/www.interaccionnoticias.com.mx\/index.php?rest_route=\/wp\/v2\/posts\/49806\/revisions"}],"predecessor-version":[{"id":49808,"href":"https:\/\/www.interaccionnoticias.com.mx\/index.php?rest_route=\/wp\/v2\/posts\/49806\/revisions\/49808"}],"wp:featuredmedia":[{"embeddable":true,"href":"https:\/\/www.interaccionnoticias.com.mx\/index.php?rest_route=\/wp\/v2\/media\/49807"}],"wp:attachment":[{"href":"https:\/\/www.interaccionnoticias.com.mx\/index.php?rest_route=%2Fwp%2Fv2%2Fmedia&parent=49806"}],"wp:term":[{"taxonomy":"category","embeddable":true,"href":"https:\/\/www.interaccionnoticias.com.mx\/index.php?rest_route=%2Fwp%2Fv2%2Fcategories&post=49806"},{"taxonomy":"post_tag","embeddable":true,"href":"https:\/\/www.interaccionnoticias.com.mx\/index.php?rest_route=%2Fwp%2Fv2%2Ftags&post=49806"}],"curies":[{"name":"wp","href":"https:\/\/api.w.org\/{rel}","templated":true}]}}