{"id":49797,"date":"2022-08-29T11:54:51","date_gmt":"2022-08-29T16:54:51","guid":{"rendered":"https:\/\/interaccionnoticias.com.mx\/?p=49797"},"modified":"2022-08-29T11:54:57","modified_gmt":"2022-08-29T16:54:57","slug":"director-de-tlachinollan-pide-que-se-investigue-el-contexto-en-que-murio-ezequiel-mora-padre-de-uno-de-los-43","status":"publish","type":"post","link":"https:\/\/www.interaccionnoticias.com.mx\/?p=49797","title":{"rendered":"Director de Tlachinollan pide que se investigue \u201cel contexto\u201d en que muri\u00f3 Ezequiel Mora, padre de uno de los 43"},"content":{"rendered":"\n<p>&#8212; Acusa a Pedro Segura Valladares, ex candidato a gobernador del PT, del traslado de algunos padres de los desaparecidos a la marcha a favor de los Abarca<\/p>\n\n\n\n<p>Rogelio Agust\u00edn<\/p>\n\n\n\n<p>El director del Centro de Derechos Humanos de la Monta\u00f1a (CDHM), Abel Barrera Hern\u00e1ndez consider\u00f3 necesario que se investigue el contexto en que muri\u00f3 el se\u00f1or Ezequiel Mora Chora, padre de uno de los 43 j\u00f3venes desaparecidos desde la noche del 26 de septiembre de 2014, tambi\u00e9n acus\u00f3 al ex candidato a gobernador del PT, Pedro Segura Valladares de ser quien llev\u00f3 a un grupo de padres a la ciudad de Iguala, con la intenci\u00f3n de desvirtuar el movimiento.<\/p>\n\n\n\n<p>V\u00eda telef\u00f3nica, Barrera Hern\u00e1ndez se\u00f1al\u00f3 que la presencia de un grupo de dos o tres integrantes del colectivo \u00b7\u201dNos Faltan 43\u201d, se dio al margen de los acuerdos que toman los padres y madres de los estudiantes de la Normal Rural de Ayotzinapa cada que se nombra una representaci\u00f3n para acudir a un evento.<\/p>\n\n\n\n<p>Los que estuvieron el domingo 28 de agosto en la marcha convocada por familiares y amigos del ex alcalde Jos\u00e9 Luis Abarca Vel\u00e1zquez, indic\u00f3 que fueron a titulo personal.<\/p>\n\n\n\n<p>\u201cSe desconocen los motivos de por qu\u00e9 participaron y ahora tenemos esa lamentable noticia de don Ezequiel Mora\u201d.<\/p>\n\n\n\n<p>Indic\u00f3: \u201cSe sabe que ah\u00ed hubo personajes siniestros que tratan de desvirtuar el trabajo de los padres y madres, al parecer ese se\u00f1or, Pedro Segura es el que llev\u00f3 a los padres y madres\u201d.<\/p>\n\n\n\n<p>Dijo que hasta entrada la ma\u00f1ana del lunes, se desconoc\u00eda el contexto en que se dio el deceso, pero indic\u00f3: \u201cParece que muere dentro de las instalaciones de una propiedad de Pedro Segura, esto es responsabilidad de ese se\u00f1or\u201d.<\/p>\n\n\n\n<p>Por lo delicado del asunto, dijo que las autoridades deben de investigar c\u00f3mo es que se genera la muerte del se\u00f1or Ezqeuiel, porque insisti\u00f3: \u201cEsto es algo muy grave\u201d.<\/p>\n\n\n\n<p>Cuestionado sobre la presencia de un grupo de padres en la marcha a favor de los Abarca, Barrera Hern\u00e1ndez refiri\u00f3 que \u201cHay quienes tratan de colocar a los pap\u00e1s y mam\u00e1s como personas que est\u00e1n defendiendo otros intereses, hay quienes quieren manipularlos, aqu\u00ed alguien maniobr\u00f3 para que los padres estuvieran ah\u00ed, fue con la mala fe de usar la figura de las madres y padres para poder colocar la versi\u00f3n de que el ex alcalde de Iguala ahora es reivindicad\u201d.<\/p>\n\n\n\n<p>Indic\u00f3 que para el colectivo \u201cNos Faltan 43\u201d, no es desconocido el entorno de inseguridad e impunidad que prevalec\u00eda en Iguala, antes de que se generaran los ataques del 26 de septiembre de 2014.<br><\/p>\n","protected":false},"excerpt":{"rendered":"<p>&#8212; Acusa a Pedro Segura Valladares, ex candidato a gobernador del PT, del traslado de algunos padres de los desaparecidos a la marcha a favor de los Abarca Rogelio Agust\u00edn&hellip; <\/p>\n","protected":false},"author":21,"featured_media":49798,"comment_status":"open","ping_status":"open","sticky":false,"template":"","format":"standard","meta":{"fifu_image_url":"","fifu_image_alt":"","footnotes":""},"categories":[15],"tags":[],"class_list":["post-49797","post","type-post","status-publish","format-standard","has-post-thumbnail","hentry","category-movimientos-sociales"],"_links":{"self":[{"href":"https:\/\/www.interaccionnoticias.com.mx\/index.php?rest_route=\/wp\/v2\/posts\/49797","targetHints":{"allow":["GET"]}}],"collection":[{"href":"https:\/\/www.interaccionnoticias.com.mx\/index.php?rest_route=\/wp\/v2\/posts"}],"about":[{"href":"https:\/\/www.interaccionnoticias.com.mx\/index.php?rest_route=\/wp\/v2\/types\/post"}],"author":[{"embeddable":true,"href":"https:\/\/www.interaccionnoticias.com.mx\/index.php?rest_route=\/wp\/v2\/users\/21"}],"replies":[{"embeddable":true,"href":"https:\/\/www.interaccionnoticias.com.mx\/index.php?rest_route=%2Fwp%2Fv2%2Fcomments&post=49797"}],"version-history":[{"count":1,"href":"https:\/\/www.interaccionnoticias.com.mx\/index.php?rest_route=\/wp\/v2\/posts\/49797\/revisions"}],"predecessor-version":[{"id":49799,"href":"https:\/\/www.interaccionnoticias.com.mx\/index.php?rest_route=\/wp\/v2\/posts\/49797\/revisions\/49799"}],"wp:featuredmedia":[{"embeddable":true,"href":"https:\/\/www.interaccionnoticias.com.mx\/index.php?rest_route=\/wp\/v2\/media\/49798"}],"wp:attachment":[{"href":"https:\/\/www.interaccionnoticias.com.mx\/index.php?rest_route=%2Fwp%2Fv2%2Fmedia&parent=49797"}],"wp:term":[{"taxonomy":"category","embeddable":true,"href":"https:\/\/www.interaccionnoticias.com.mx\/index.php?rest_route=%2Fwp%2Fv2%2Fcategories&post=49797"},{"taxonomy":"post_tag","embeddable":true,"href":"https:\/\/www.interaccionnoticias.com.mx\/index.php?rest_route=%2Fwp%2Fv2%2Ftags&post=49797"}],"curies":[{"name":"wp","href":"https:\/\/api.w.org\/{rel}","templated":true}]}}