{"id":49794,"date":"2022-08-29T11:28:59","date_gmt":"2022-08-29T16:28:59","guid":{"rendered":"https:\/\/interaccionnoticias.com.mx\/?p=49794"},"modified":"2022-08-29T11:29:04","modified_gmt":"2022-08-29T16:29:04","slug":"muere-don-ezequiel-mora-padre-de-uno-de-los-43-desaparecidos-de-ayotzinapa","status":"publish","type":"post","link":"https:\/\/www.interaccionnoticias.com.mx\/?p=49794","title":{"rendered":"Muere don Ezequiel Mora, padre de uno de los 43 desaparecidos de Ayotzinapa"},"content":{"rendered":"\n<p><strong><em>&#8212; \u201cGracias por ense\u00f1arnos a luchar\u201d, dice la sociedad de alumnos de la Normal Rural Ra\u00fal Isidro Burgos<\/em><\/strong><\/p>\n\n\n\n<p><strong>Rogelio Agust\u00edn<\/strong><\/p>\n\n\n\n<p>La Normal Rural de Ayotzinapa lament\u00f3 la muerte del se\u00f1or Ezequiel Mora Chora, padre de Alexander Mora Venancio, uno de los 43 estudiantes desaparecidos durante la noche del 26 de septiembre de 2014, quien sufri\u00f3 un infarto la madrugada de este lunes en un hotel del municipio de Tepecoacuilco, en la regi\u00f3n Norte de Guerrero.<\/p>\n\n\n\n<p>El deceso del se\u00f1or Mora Chora, mejor conocido como \u201cDon Cheque\u201d por los integrantes del colectivo \u201cNos Faltan 43\u201d y los estudiantes de la Normal Rural Ra\u00fal Isidro Burgos se conoci\u00f3 la madrugada de este lunes 29 de agosto.<\/p>\n\n\n\n<p>El Se\u00f1or Mora Chora muri\u00f3 en las instalaciones del hotel Vida en el Lago, ubicado en el municipio de Tepecoacuilco, a pocas horas de acudir a la cabecera municipal de Iguala, donde particip\u00f3 en una marcha convocada por familiares y amigos del ex alcalde Jos\u00e9 Luis Abarca Vel\u00e1zquez y su esposa, Mar\u00eda de los Angeles Pineda Villa.<\/p>\n\n\n\n<p>Era padre de Alexander Mora Venancio, cuyos restos fueron identificados por el Laboratorio de Gen\u00e9tica de la Universidad de Medicina de Innsbruck, ubicada en Austria, a partir del hallazgo realizado por la entonces Procuradur\u00eda General de la Rep\u00fablica (PGR) en el R\u00edo San Juan, en la etapa en que se encontraba al frente Jes\u00fas Murillo Karam, actualmente sujeto a prisi\u00f3n preventiva, acusado de tortura y desaparici\u00f3n forzada.<\/p>\n\n\n\n<p>La Normal Rural de Ayotzinapa poste\u00f3 en su muro de Facebook: \u201cCon un nudo en la garganta y sin poder creer esta triste noticia, hace unas horas don Ezequiel Mora Chora -Don Cheque- falleci\u00f3, padre de Alexander Mora Venancio\u201d.<\/p>\n\n\n\n<p>Contin\u00faa: \u201cNuestro m\u00e1s sentido p\u00e9same a toda su familia y nos unimos a su duelo\u201d,<br>Y cierra: \u201cHasta siempre a t\u00edo Cheque, gracias por ense\u00f1arnos a luchar y no rendirse\u201d.<br><\/p>\n","protected":false},"excerpt":{"rendered":"<p>&#8212; \u201cGracias por ense\u00f1arnos a luchar\u201d, dice la sociedad de alumnos de la Normal Rural Ra\u00fal Isidro Burgos Rogelio Agust\u00edn La Normal Rural de Ayotzinapa lament\u00f3 la muerte del se\u00f1or&hellip; <\/p>\n","protected":false},"author":21,"featured_media":49795,"comment_status":"open","ping_status":"open","sticky":false,"template":"","format":"standard","meta":{"fifu_image_url":"","fifu_image_alt":"","footnotes":""},"categories":[15],"tags":[],"class_list":["post-49794","post","type-post","status-publish","format-standard","has-post-thumbnail","hentry","category-movimientos-sociales"],"_links":{"self":[{"href":"https:\/\/www.interaccionnoticias.com.mx\/index.php?rest_route=\/wp\/v2\/posts\/49794","targetHints":{"allow":["GET"]}}],"collection":[{"href":"https:\/\/www.interaccionnoticias.com.mx\/index.php?rest_route=\/wp\/v2\/posts"}],"about":[{"href":"https:\/\/www.interaccionnoticias.com.mx\/index.php?rest_route=\/wp\/v2\/types\/post"}],"author":[{"embeddable":true,"href":"https:\/\/www.interaccionnoticias.com.mx\/index.php?rest_route=\/wp\/v2\/users\/21"}],"replies":[{"embeddable":true,"href":"https:\/\/www.interaccionnoticias.com.mx\/index.php?rest_route=%2Fwp%2Fv2%2Fcomments&post=49794"}],"version-history":[{"count":1,"href":"https:\/\/www.interaccionnoticias.com.mx\/index.php?rest_route=\/wp\/v2\/posts\/49794\/revisions"}],"predecessor-version":[{"id":49796,"href":"https:\/\/www.interaccionnoticias.com.mx\/index.php?rest_route=\/wp\/v2\/posts\/49794\/revisions\/49796"}],"wp:featuredmedia":[{"embeddable":true,"href":"https:\/\/www.interaccionnoticias.com.mx\/index.php?rest_route=\/wp\/v2\/media\/49795"}],"wp:attachment":[{"href":"https:\/\/www.interaccionnoticias.com.mx\/index.php?rest_route=%2Fwp%2Fv2%2Fmedia&parent=49794"}],"wp:term":[{"taxonomy":"category","embeddable":true,"href":"https:\/\/www.interaccionnoticias.com.mx\/index.php?rest_route=%2Fwp%2Fv2%2Fcategories&post=49794"},{"taxonomy":"post_tag","embeddable":true,"href":"https:\/\/www.interaccionnoticias.com.mx\/index.php?rest_route=%2Fwp%2Fv2%2Ftags&post=49794"}],"curies":[{"name":"wp","href":"https:\/\/api.w.org\/{rel}","templated":true}]}}