{"id":49764,"date":"2022-08-28T20:15:25","date_gmt":"2022-08-29T01:15:25","guid":{"rendered":"https:\/\/interaccionnoticias.com.mx\/?p=49764"},"modified":"2022-08-28T20:15:30","modified_gmt":"2022-08-29T01:15:30","slug":"detienen-a-cinco-personas-por-narcomenudeo-en-zumpango","status":"publish","type":"post","link":"https:\/\/www.interaccionnoticias.com.mx\/?p=49764","title":{"rendered":"Detienen a cinco personas por narcomenudeo, en Zumpango"},"content":{"rendered":"\n<p><strong><em>&#8212; Tres de los implicados son menores de edad<\/em><\/strong><\/p>\n\n\n\n<p><strong>Rogelio Agust\u00edn<\/strong><\/p>\n\n\n\n<p>La Fiscal\u00eda General del Estado (FGE) confirm\u00f3 la detenci\u00f3n de cinco personas relacionadas con delitos contra la salud en la modalidad de narcomenudeo en el zumpango, municipio de Eduardo Neri.<\/p>\n\n\n\n<p>La jornada del domingo 28 de agosto, la FGE confirm\u00f3 el resultado de los trabajos hechos por la Fiscal\u00eda General del Estado, a trav\u00e9s de la Agencia Especializada en Narcomenudeo.<\/p>\n\n\n\n<p>La dependencia precis\u00f3 la apertura de una carpeta de investigaci\u00f3n en contra de Trinidad \u201cN\u201d y Alejandro \u201cN\u201d, por el delito de Narcomenudeo en agravio de La Sociedad.<\/p>\n\n\n\n<p>La detenci\u00f3n se realiz\u00f3 en Zumpango del R\u00edo, cabecera municipal de Eduardo Neri, a partir de trabajo realizado por la Polic\u00eda Investigadora Ministerial y personal de Servicios Periciales.<\/p>\n\n\n\n<p>La detenci\u00f3n deriv\u00f3 de un cateo realizado en el Barrio San Antonio, donde se confirma el aseguramiento de sustancias con caracter\u00edsticas propias de la \u201cmarihuana\u201d y de \u201ccristal\u201d.<\/p>\n\n\n\n<p>En el lugar se detuvo a 3 menores de edad, los que fueron puestos a disposici\u00f3n de la Agencia del Ministerio P\u00fablico Especializada en Justicia Penal para Adolescentes.<\/p>\n\n\n\n<p>No hubo enfrentamiento con las autoridades.<\/p>\n","protected":false},"excerpt":{"rendered":"<p>&#8212; Tres de los implicados son menores de edad Rogelio Agust\u00edn La Fiscal\u00eda General del Estado (FGE) confirm\u00f3 la detenci\u00f3n de cinco personas relacionadas con delitos contra la salud en&hellip; <\/p>\n","protected":false},"author":21,"featured_media":49765,"comment_status":"open","ping_status":"open","sticky":false,"template":"","format":"standard","meta":{"fifu_image_url":"","fifu_image_alt":"","footnotes":""},"categories":[27],"tags":[],"class_list":["post-49764","post","type-post","status-publish","format-standard","has-post-thumbnail","hentry","category-seguridad-publica"],"_links":{"self":[{"href":"https:\/\/www.interaccionnoticias.com.mx\/index.php?rest_route=\/wp\/v2\/posts\/49764","targetHints":{"allow":["GET"]}}],"collection":[{"href":"https:\/\/www.interaccionnoticias.com.mx\/index.php?rest_route=\/wp\/v2\/posts"}],"about":[{"href":"https:\/\/www.interaccionnoticias.com.mx\/index.php?rest_route=\/wp\/v2\/types\/post"}],"author":[{"embeddable":true,"href":"https:\/\/www.interaccionnoticias.com.mx\/index.php?rest_route=\/wp\/v2\/users\/21"}],"replies":[{"embeddable":true,"href":"https:\/\/www.interaccionnoticias.com.mx\/index.php?rest_route=%2Fwp%2Fv2%2Fcomments&post=49764"}],"version-history":[{"count":1,"href":"https:\/\/www.interaccionnoticias.com.mx\/index.php?rest_route=\/wp\/v2\/posts\/49764\/revisions"}],"predecessor-version":[{"id":49766,"href":"https:\/\/www.interaccionnoticias.com.mx\/index.php?rest_route=\/wp\/v2\/posts\/49764\/revisions\/49766"}],"wp:featuredmedia":[{"embeddable":true,"href":"https:\/\/www.interaccionnoticias.com.mx\/index.php?rest_route=\/wp\/v2\/media\/49765"}],"wp:attachment":[{"href":"https:\/\/www.interaccionnoticias.com.mx\/index.php?rest_route=%2Fwp%2Fv2%2Fmedia&parent=49764"}],"wp:term":[{"taxonomy":"category","embeddable":true,"href":"https:\/\/www.interaccionnoticias.com.mx\/index.php?rest_route=%2Fwp%2Fv2%2Fcategories&post=49764"},{"taxonomy":"post_tag","embeddable":true,"href":"https:\/\/www.interaccionnoticias.com.mx\/index.php?rest_route=%2Fwp%2Fv2%2Ftags&post=49764"}],"curies":[{"name":"wp","href":"https:\/\/api.w.org\/{rel}","templated":true}]}}