{"id":49741,"date":"2022-08-28T16:50:37","date_gmt":"2022-08-28T21:50:37","guid":{"rendered":"https:\/\/interaccionnoticias.com.mx\/?p=49741"},"modified":"2022-08-28T16:50:41","modified_gmt":"2022-08-28T21:50:41","slug":"de-ninguna-manera-la-desaparicion-de-los-organos-electorales-sera-un-ahorro-de-recursos-economicos-iepc","status":"publish","type":"post","link":"https:\/\/www.interaccionnoticias.com.mx\/?p=49741","title":{"rendered":"De ninguna manera la desaparici\u00f3n de los \u00f3rganos electorales ser\u00e1 un ahorro de recursos econ\u00f3micos: IEPC"},"content":{"rendered":"\n<p><strong>Rosario Garc\u00eda Orozco<\/strong><\/p>\n\n\n\n<p><strong>Chilpancingo, Gro., 28 de agosto del 2022.- <\/strong>La presidenta del Consejo General del Instituto Electoral y Participaci\u00f3n Ciudadana (IEPC), Luz Fabiola Matildes Gama, consider\u00f3 que la desaparici\u00f3n de los \u00d3rganos Electorales Locales del pa\u00eds, conocidos como OPLES, tal y como lo propone en su reforma electoral el presidente de la Rep\u00fablica, Andr\u00e9s Manuel L\u00f3pez Obrador, no necesariamente ser\u00eda un ahorro en el ejercicio de los recursos en la organizaci\u00f3n de los procesos electorales.<\/p>\n\n\n\n<p>\u00abLa mitad de ese presupuesto va para los partidos pol\u00edticos, no es s\u00f3lo para los OPLES\u201d, subray\u00f3 la funcionar\u00eda electoral.<\/p>\n\n\n\n<p>Como integrante de la Asociaci\u00f3n de Instituciones Electorales de las Entidades Federativas (AIEEF), Luz Fabiola Matildes Gama y los dem\u00e1s presidentes de los Organismos P\u00fablicos Locales Electorales acudieron al Congreso de la Uni\u00f3n donde entregaron el documento \u201cAportaciones para la Discusi\u00f3n de una Reforma Pol\u00edtico-Electoral desde las Entidades de la Rep\u00fablica\u201d a los coordinadores parlamentarios de los partidos Revolucionario Institucional (PRI), del Trabajo (PT) y de Morena.<\/p>\n\n\n\n<p>\u00abEn ese documento se aborda un diagn\u00f3stico objetivo, real e integral de las actividades que realizan los OPLes y su impacto en el Sistema Electoral subnacional\u201d, dijo Matildes Gama.<\/p>\n\n\n\n<p>Durante ese encuentro, los presidentes de los OPLES les explicaron a los diputados federales que los recibieron las actividades que los organismos electorales locales llevan a cabo en cada una de las entidades, \u201cque no tienen nada qu\u00e9 ver con lo que hace el Instituto Nacional Electoral (INE), que es la educaci\u00f3n c\u00edvica, la certificaci\u00f3n de la formaci\u00f3n de partidos pol\u00edticos locales, actividades que llevamos a cabo en todas las entidades, que tiene que ver con sistemas normativos de comunidades ind\u00edgenas\u201d, entre otras actividades.<\/p>\n\n\n\n<p>Explic\u00f3 que en el proceso electoral del 2021, los OPLES registraron a nivel nacional m\u00e1s de 220 mil candidaturas, en tanto que en Guerrero, el IEPC registr\u00f3 m\u00e1s de siete mil f\u00f3rmulas, \u201clo cual es un trabajo muy extenso, muy arduo que hacemos los OPLEs. Tambi\u00e9n mandamos elaborar las boletas electorales, los paquetes electorales, las mamparas, hacemos los c\u00f3mputos distritales, instalamos c\u00f3mputos distritales en todo el estado de Guerrero y en todo el pa\u00eds con los par\u00e1metro de transparencia, de evaluaci\u00f3n, de supervisi\u00f3n. Todo eso le explicamos a los diputados federales, porque finalmente estamos conscientes de que est\u00e1 en sus manos la reforma electoral\u201d.<\/p>\n\n\n\n<p>Finalmente, expres\u00f3 que los organismos locales electorales se encuentran cercanos a la ciudadan\u00eda, porque \u201cnosotros por \u00f3rdenes de los tribunales atendemos tambi\u00e9n elecciones de comisarios municipales, algo que el INE no hace; nosotros estamos de cerca, pero adem\u00e1s tenemos el pulso de la cuesti\u00f3n pol\u00edtica de nuestra entidad, del Congreso, de la gubernatura, estamos cerca de la ciudadan\u00eda, pero tambi\u00e9n de los \u00f3rganos de poder\u201d.<\/p>\n\n\n\n<p>Finalmente, conf\u00edo en que departe de los diputados federales haya \u201cun an\u00e1lisis sensato de esta propuesta de reforma\u201d.<\/p>\n","protected":false},"excerpt":{"rendered":"<p>Rosario Garc\u00eda Orozco Chilpancingo, Gro., 28 de agosto del 2022.- La presidenta del Consejo General del Instituto Electoral y Participaci\u00f3n Ciudadana (IEPC), Luz Fabiola Matildes Gama, consider\u00f3 que la desaparici\u00f3n&hellip; <\/p>\n","protected":false},"author":14,"featured_media":49742,"comment_status":"open","ping_status":"open","sticky":false,"template":"","format":"standard","meta":{"fifu_image_url":"","fifu_image_alt":"","footnotes":""},"categories":[17],"tags":[],"class_list":["post-49741","post","type-post","status-publish","format-standard","has-post-thumbnail","hentry","category-organos-electorales"],"_links":{"self":[{"href":"https:\/\/www.interaccionnoticias.com.mx\/index.php?rest_route=\/wp\/v2\/posts\/49741","targetHints":{"allow":["GET"]}}],"collection":[{"href":"https:\/\/www.interaccionnoticias.com.mx\/index.php?rest_route=\/wp\/v2\/posts"}],"about":[{"href":"https:\/\/www.interaccionnoticias.com.mx\/index.php?rest_route=\/wp\/v2\/types\/post"}],"author":[{"embeddable":true,"href":"https:\/\/www.interaccionnoticias.com.mx\/index.php?rest_route=\/wp\/v2\/users\/14"}],"replies":[{"embeddable":true,"href":"https:\/\/www.interaccionnoticias.com.mx\/index.php?rest_route=%2Fwp%2Fv2%2Fcomments&post=49741"}],"version-history":[{"count":1,"href":"https:\/\/www.interaccionnoticias.com.mx\/index.php?rest_route=\/wp\/v2\/posts\/49741\/revisions"}],"predecessor-version":[{"id":49743,"href":"https:\/\/www.interaccionnoticias.com.mx\/index.php?rest_route=\/wp\/v2\/posts\/49741\/revisions\/49743"}],"wp:featuredmedia":[{"embeddable":true,"href":"https:\/\/www.interaccionnoticias.com.mx\/index.php?rest_route=\/wp\/v2\/media\/49742"}],"wp:attachment":[{"href":"https:\/\/www.interaccionnoticias.com.mx\/index.php?rest_route=%2Fwp%2Fv2%2Fmedia&parent=49741"}],"wp:term":[{"taxonomy":"category","embeddable":true,"href":"https:\/\/www.interaccionnoticias.com.mx\/index.php?rest_route=%2Fwp%2Fv2%2Fcategories&post=49741"},{"taxonomy":"post_tag","embeddable":true,"href":"https:\/\/www.interaccionnoticias.com.mx\/index.php?rest_route=%2Fwp%2Fv2%2Ftags&post=49741"}],"curies":[{"name":"wp","href":"https:\/\/api.w.org\/{rel}","templated":true}]}}