{"id":49716,"date":"2022-08-26T20:45:18","date_gmt":"2022-08-27T01:45:18","guid":{"rendered":"https:\/\/interaccionnoticias.com.mx\/?p=49716"},"modified":"2022-08-26T20:45:22","modified_gmt":"2022-08-27T01:45:22","slug":"se-traslado-via-aerea-a-toluca-a-un-bebe-de-dos-meses-que-requiere-atencion-medica-especializada-ssg","status":"publish","type":"post","link":"https:\/\/www.interaccionnoticias.com.mx\/?p=49716","title":{"rendered":"Se traslad\u00f3 v\u00eda a\u00e9rea a Toluca a un beb\u00e9 de dos meses que requiere atenci\u00f3n m\u00e9dica especializada: SSG"},"content":{"rendered":"\n<p><strong>Chilpancingo, Gro., 26 de agosto del 2022.-<\/strong> El Gobierno del Estado de Guerrero, a trav\u00e9s del Centro Regulador de Urgencias M\u00e9dicas de la Secretar\u00eda de Salud, coordin\u00f3 el traslado v\u00eda a\u00e9rea de un beb\u00e9 de dos meses de edad, de Coyuca de Catal\u00e1n a Toluca, Estado de M\u00e9xico, para que reciba atenci\u00f3n m\u00e9dica especializada.<\/p>\n\n\n\n<p>Como parte de las acciones para la atenci\u00f3n m\u00e9dica se transport\u00f3 equipo de ventilaci\u00f3n mec\u00e1nica neonatal de Chilpancingo a Coyuca de Catal\u00e1n, v\u00eda a\u00e9rea en un helic\u00f3ptero del Gobierno del Estado, para el menor de dos meses intubado con diagn\u00f3stico de displasia broncopulmonar.<\/p>\n\n\n\n<p>Posteriormente se traslad\u00f3 al paciente del Hospital General de Coyuca de Catal\u00e1n, Guerrero, al Hospital General Dr. Nicol\u00e1s San Juan de Toluca, con el apoyo de la Unidad de Rescate A\u00e9reo \u201cRel\u00e1mpagos\u201d.<\/p>\n","protected":false},"excerpt":{"rendered":"<p>Chilpancingo, Gro., 26 de agosto del 2022.- El Gobierno del Estado de Guerrero, a trav\u00e9s del Centro Regulador de Urgencias M\u00e9dicas de la Secretar\u00eda de Salud, coordin\u00f3 el traslado v\u00eda&hellip; <\/p>\n","protected":false},"author":19,"featured_media":49717,"comment_status":"open","ping_status":"open","sticky":false,"template":"","format":"standard","meta":{"fifu_image_url":"","fifu_image_alt":"","footnotes":""},"categories":[26],"tags":[],"class_list":["post-49716","post","type-post","status-publish","format-standard","has-post-thumbnail","hentry","category-salud"],"_links":{"self":[{"href":"https:\/\/www.interaccionnoticias.com.mx\/index.php?rest_route=\/wp\/v2\/posts\/49716","targetHints":{"allow":["GET"]}}],"collection":[{"href":"https:\/\/www.interaccionnoticias.com.mx\/index.php?rest_route=\/wp\/v2\/posts"}],"about":[{"href":"https:\/\/www.interaccionnoticias.com.mx\/index.php?rest_route=\/wp\/v2\/types\/post"}],"author":[{"embeddable":true,"href":"https:\/\/www.interaccionnoticias.com.mx\/index.php?rest_route=\/wp\/v2\/users\/19"}],"replies":[{"embeddable":true,"href":"https:\/\/www.interaccionnoticias.com.mx\/index.php?rest_route=%2Fwp%2Fv2%2Fcomments&post=49716"}],"version-history":[{"count":1,"href":"https:\/\/www.interaccionnoticias.com.mx\/index.php?rest_route=\/wp\/v2\/posts\/49716\/revisions"}],"predecessor-version":[{"id":49718,"href":"https:\/\/www.interaccionnoticias.com.mx\/index.php?rest_route=\/wp\/v2\/posts\/49716\/revisions\/49718"}],"wp:featuredmedia":[{"embeddable":true,"href":"https:\/\/www.interaccionnoticias.com.mx\/index.php?rest_route=\/wp\/v2\/media\/49717"}],"wp:attachment":[{"href":"https:\/\/www.interaccionnoticias.com.mx\/index.php?rest_route=%2Fwp%2Fv2%2Fmedia&parent=49716"}],"wp:term":[{"taxonomy":"category","embeddable":true,"href":"https:\/\/www.interaccionnoticias.com.mx\/index.php?rest_route=%2Fwp%2Fv2%2Fcategories&post=49716"},{"taxonomy":"post_tag","embeddable":true,"href":"https:\/\/www.interaccionnoticias.com.mx\/index.php?rest_route=%2Fwp%2Fv2%2Ftags&post=49716"}],"curies":[{"name":"wp","href":"https:\/\/api.w.org\/{rel}","templated":true}]}}