{"id":49713,"date":"2022-08-26T20:40:08","date_gmt":"2022-08-27T01:40:08","guid":{"rendered":"https:\/\/interaccionnoticias.com.mx\/?p=49713"},"modified":"2022-08-26T20:40:12","modified_gmt":"2022-08-27T01:40:12","slug":"ejecutan-a-balazos-a-un-hombre-en-el-mercado-de-iguala","status":"publish","type":"post","link":"https:\/\/www.interaccionnoticias.com.mx\/?p=49713","title":{"rendered":"Ejecutan a balazos a un hombre en el mercado de Iguala"},"content":{"rendered":"\n<p><strong>Rosario Garc\u00eda Orozco<\/strong><\/p>\n\n\n\n<p><strong>Iguala, Gro., 26 de agosto del 2022.- <\/strong>Un hombre fue asesinado a balazos la tarde de este viernes, en un local de ropa en el interior del mercado Adri\u00e1n Castrej\u00f3n de Iguala.<\/p>\n\n\n\n<p>El reporte se realiz\u00f3 al n\u00famero de emergencia 911, alrededor de las 16:30 horas, donde se se\u00f1al\u00f3 que en el pasillo E de ese mercado una persona hab\u00eda sido ejecutada.<\/p>\n\n\n\n<p>La informaci\u00f3n preliminar indica que sujetos desconocidos persiguieron al hombre y \u00e9ste se meti\u00f3 a un negocio de ropa, donde fue alcanzado por sus agresores y le dispararon con un arma de fuego.<\/p>\n\n\n\n<p>Las heridas fueron graves, de tal modo que perdi\u00f3 la vida antes de que llegara el servicio m\u00e9dico para su atenci\u00f3n.<\/p>\n\n\n\n<p>Los atacantes se dieron a la fuga con rumbo desconocido, y no fue posible identificar su perfil.<\/p>\n\n\n\n<p>La v\u00edctima vest\u00eda pantal\u00f3n de mezclilla azul, tenis blancos y playera negra, as\u00ed como un anillo en el dedo medio de la mano izquierda y un tatuaje en ese mismo brazo.<\/p>\n\n\n\n<p>Al lugar llegaron elementos de la Polic\u00eda Investigadora Ministerial, quienes acordonaron la zona y personal de la Fiscal\u00eda General del Estado para dar inicio con las diligencias correspondientes, mientras que colaboradores del Servicio M\u00e9dico Forense, realizaron el levantamiento cadav\u00e9rico.<\/p>\n","protected":false},"excerpt":{"rendered":"<p>Rosario Garc\u00eda Orozco Iguala, Gro., 26 de agosto del 2022.- Un hombre fue asesinado a balazos la tarde de este viernes, en un local de ropa en el interior del&hellip; <\/p>\n","protected":false},"author":14,"featured_media":49714,"comment_status":"open","ping_status":"open","sticky":false,"template":"","format":"standard","meta":{"fifu_image_url":"","fifu_image_alt":"","footnotes":""},"categories":[27],"tags":[],"class_list":["post-49713","post","type-post","status-publish","format-standard","has-post-thumbnail","hentry","category-seguridad-publica"],"_links":{"self":[{"href":"https:\/\/www.interaccionnoticias.com.mx\/index.php?rest_route=\/wp\/v2\/posts\/49713","targetHints":{"allow":["GET"]}}],"collection":[{"href":"https:\/\/www.interaccionnoticias.com.mx\/index.php?rest_route=\/wp\/v2\/posts"}],"about":[{"href":"https:\/\/www.interaccionnoticias.com.mx\/index.php?rest_route=\/wp\/v2\/types\/post"}],"author":[{"embeddable":true,"href":"https:\/\/www.interaccionnoticias.com.mx\/index.php?rest_route=\/wp\/v2\/users\/14"}],"replies":[{"embeddable":true,"href":"https:\/\/www.interaccionnoticias.com.mx\/index.php?rest_route=%2Fwp%2Fv2%2Fcomments&post=49713"}],"version-history":[{"count":1,"href":"https:\/\/www.interaccionnoticias.com.mx\/index.php?rest_route=\/wp\/v2\/posts\/49713\/revisions"}],"predecessor-version":[{"id":49715,"href":"https:\/\/www.interaccionnoticias.com.mx\/index.php?rest_route=\/wp\/v2\/posts\/49713\/revisions\/49715"}],"wp:featuredmedia":[{"embeddable":true,"href":"https:\/\/www.interaccionnoticias.com.mx\/index.php?rest_route=\/wp\/v2\/media\/49714"}],"wp:attachment":[{"href":"https:\/\/www.interaccionnoticias.com.mx\/index.php?rest_route=%2Fwp%2Fv2%2Fmedia&parent=49713"}],"wp:term":[{"taxonomy":"category","embeddable":true,"href":"https:\/\/www.interaccionnoticias.com.mx\/index.php?rest_route=%2Fwp%2Fv2%2Fcategories&post=49713"},{"taxonomy":"post_tag","embeddable":true,"href":"https:\/\/www.interaccionnoticias.com.mx\/index.php?rest_route=%2Fwp%2Fv2%2Ftags&post=49713"}],"curies":[{"name":"wp","href":"https:\/\/api.w.org\/{rel}","templated":true}]}}