{"id":49702,"date":"2022-08-26T13:51:47","date_gmt":"2022-08-26T18:51:47","guid":{"rendered":"https:\/\/interaccionnoticias.com.mx\/?p=49702"},"modified":"2022-08-26T13:51:52","modified_gmt":"2022-08-26T18:51:52","slug":"marcha-a-favor-de-los-abarca-es-una-burla-dicen-estudiantes-de-ayotzinapa-y-colectivos","status":"publish","type":"post","link":"https:\/\/www.interaccionnoticias.com.mx\/?p=49702","title":{"rendered":"\u201cMarcha a favor de los Abarca es una burla\u201d, dicen estudiantes de Ayotzinapa y colectivos"},"content":{"rendered":"\n<p><strong><em>&#8212; Piden a la poblaci\u00f3n no respaldarlos, aseguran que el ex alcalde Jos\u00e9 Luis Abarca no es inocente<\/em><\/strong><\/p>\n\n\n\n<p><strong>Rogelio Agust\u00edn<\/strong><\/p>\n\n\n\n<p>Para la Normal Rural de Ayotzinapa y las organizaciones que acompa\u00f1an el movimiento impulsado por los padres de los 43, la marcha convocada por el ex alcalde de Iguala, Jos\u00e9 Luis Abarca Vel\u00e1zquez y su esposa, Mar\u00eda de los \u00c1ngeles Pineda Villa el pr\u00f3ximo domingo \u201ces una burla\u201d, por lo que llamaron a la poblaci\u00f3n de la cuna de la bandera a no respaldarlos.<\/p>\n\n\n\n<p>La ma\u00f1ana del viernes 26 de agosto, estudiantes de la Normal Rural Ra\u00fal Isidro Burgos, junto con activistas de diferentes organizaciones sociales se concentraron en el antimonumento a los 43, ubicado sobre la avenida L\u00e1zaro C\u00e1rdenas de Chilpancingo.<\/p>\n\n\n\n<p>Ah\u00ed, los representantes de la sociedad de alumnos \u201cRicardo Flores Mag\u00f3n\u201d, manifestaron que el ex titular de la Procuradur\u00eda General de la Rep\u00fablica (PGR), Jes\u00fas Murillo Karam debe dar a conocer las razones por las que dio a conocer una investigaci\u00f3n sumamente apresurada, que defendi\u00f3 como \u201cLa verdad hist\u00f3rica\u201d y que en realidad no hizo m\u00e1s que entorpecer la b\u00fasqueda de la verdad en el caso Iguala-Ayotzinapa.<\/p>\n\n\n\n<p>Los estudiantes, manifestaron que si el asunto se investiga a fondo, se puede llegar a establecer una relaci\u00f3n directa entre el ex presidente de la Rep\u00fablica, Enrique Pe\u00f1a Nieto con la maquinaci\u00f3n de la Verdad Hist\u00f3rica.<\/p>\n\n\n\n<p>\u201cNosotros no vamos a creer que nuestros compa\u00f1eros fueron asesinados, como dijo recientemente el subsecretario de Gobernaci\u00f3n federal, Alejandro Encinas Rodr\u00edguez; hasta que nos entreguen sus cad\u00e1veres, ese d\u00eda les vamos a creer\u201d, indicaron los representantes de Ayotzinapa.<\/p>\n\n\n\n<p>En del mitin particip\u00f3 Francisco Echeverr\u00eda de Jes\u00fas, vocero del colectivo \u201cLos otros Desaparecidos\u201d, se\u00f1al\u00f3 que la administraci\u00f3n del expresidente Pe\u00f1a Nieto y del actual, Andr\u00e9s Manuel L\u00f3pez Obrador tienen muchas deudas con la Normal Rural de Ayotzinapa y los padres de los 43.<\/p>\n\n\n\n<p>Indic\u00f3 que durante varios a\u00f1os se ha registrado una guerra sucia en contra de los estudiantes de la Normal Rural Ra\u00fal Isidro Burgos, lo que ha costado la vida de por lo menos diez estudiantes, entre ellos Alexis Herrera Pino y su hermano, Gabriel Echeverr\u00eda, asesinados el 12 de diciembre de 2011, en la Autopista del Sol.<\/p>\n\n\n\n<p>En la parte final de su intervenci\u00f3n, Echeverr\u00eda hizo alusi\u00f3n a la marcha convocada para el pr\u00f3ximo domingo por la familia del ex alcalde Jos\u00e9 Luis Abarca Vel\u00e1zquez y su esposa, Mar\u00eda de los \u00c1ngeles Pineda Villa en la cabecera municipal de Iguala.<\/p>\n\n\n\n<p>\u201cEsa es una burla para los padres de familia y los compa\u00f1eros desaparecidos, los quieren hacer parecer inocentes, pero \u00e9l tambi\u00e9n tiene la culpa de lo pasado el 26 de septiembre, por todas las omisiones que cometi\u00f3 al permitir que sus polic\u00edas atacaran a los compa\u00f1eros, esa marcha del domingo es una burla\u201d, asever\u00f3 el vocero del colectivo \u201cLos otros Desaparecidos\u201d.<\/p>\n\n\n\n<p>En el mitin participaron integrantes de la Coordinadora Estatal de Trabajadores de la Educaci\u00f3n de Guerrero (CETEG), del Comit\u00e9 de Amigos y Familiares de Personas Desaparecidas y familiares de los masacrados el 30 de diciembre de 1960, en Chilpancingo.<br><\/p>\n\n\n\n<figure class=\"wp-block-gallery columns-3 is-cropped wp-block-gallery-1 is-layout-flex wp-block-gallery-is-layout-flex\"><ul class=\"blocks-gallery-grid\"><li class=\"blocks-gallery-item\"><figure><img decoding=\"async\" src=\"data:image\/gif;base64,R0lGODlhAQABAIAAAAAAAP\/\/\/ywAAAAAAQABAAACAUwAOw==\" fifu-lazy=\"1\" fifu-data-sizes=\"auto\" fifu-data-srcset=\"https:\/\/i1.wp.com\/interaccionnoticias.com.mx\/wp-content\/uploads\/2022\/08\/220826-Ayotzinapa-2-1024x683.jpg?ssl=1&w=75&resize=75&ssl=1 75w, https:\/\/i1.wp.com\/interaccionnoticias.com.mx\/wp-content\/uploads\/2022\/08\/220826-Ayotzinapa-2-1024x683.jpg?ssl=1&w=100&resize=100&ssl=1 100w, https:\/\/i1.wp.com\/interaccionnoticias.com.mx\/wp-content\/uploads\/2022\/08\/220826-Ayotzinapa-2-1024x683.jpg?ssl=1&w=150&resize=150&ssl=1 150w, https:\/\/i1.wp.com\/interaccionnoticias.com.mx\/wp-content\/uploads\/2022\/08\/220826-Ayotzinapa-2-1024x683.jpg?ssl=1&w=240&resize=240&ssl=1 240w, https:\/\/i1.wp.com\/interaccionnoticias.com.mx\/wp-content\/uploads\/2022\/08\/220826-Ayotzinapa-2-1024x683.jpg?ssl=1&w=320&resize=320&ssl=1 320w, https:\/\/i1.wp.com\/interaccionnoticias.com.mx\/wp-content\/uploads\/2022\/08\/220826-Ayotzinapa-2-1024x683.jpg?ssl=1&w=500&resize=500&ssl=1 500w, https:\/\/i1.wp.com\/interaccionnoticias.com.mx\/wp-content\/uploads\/2022\/08\/220826-Ayotzinapa-2-1024x683.jpg?ssl=1&w=640&resize=640&ssl=1 640w, https:\/\/i1.wp.com\/interaccionnoticias.com.mx\/wp-content\/uploads\/2022\/08\/220826-Ayotzinapa-2-1024x683.jpg?ssl=1&w=800&resize=800&ssl=1 800w, https:\/\/i1.wp.com\/interaccionnoticias.com.mx\/wp-content\/uploads\/2022\/08\/220826-Ayotzinapa-2-1024x683.jpg?ssl=1&w=1024&resize=1024&ssl=1 1024w, https:\/\/i1.wp.com\/interaccionnoticias.com.mx\/wp-content\/uploads\/2022\/08\/220826-Ayotzinapa-2-1024x683.jpg?ssl=1&w=1280&resize=1280&ssl=1 1280w, https:\/\/i1.wp.com\/interaccionnoticias.com.mx\/wp-content\/uploads\/2022\/08\/220826-Ayotzinapa-2-1024x683.jpg?ssl=1&w=1600&resize=1600&ssl=1 1600w\" fifu-data-src=\"https:\/\/i1.wp.com\/interaccionnoticias.com.mx\/wp-content\/uploads\/2022\/08\/220826-Ayotzinapa-2-1024x683.jpg?ssl=1\" alt=\"\" data-id=\"49703\" data-full-url=\"https:\/\/interaccionnoticias.com.mx\/wp-content\/uploads\/2022\/08\/220826-Ayotzinapa-2.jpg\" data-link=\"https:\/\/interaccionnoticias.com.mx\/?attachment_id=49703\" class=\"wp-image-49703\"\/><\/figure><\/li><li class=\"blocks-gallery-item\"><figure><img decoding=\"async\" src=\"data:image\/gif;base64,R0lGODlhAQABAIAAAAAAAP\/\/\/ywAAAAAAQABAAACAUwAOw==\" fifu-lazy=\"1\" fifu-data-sizes=\"auto\" fifu-data-srcset=\"https:\/\/i2.wp.com\/interaccionnoticias.com.mx\/wp-content\/uploads\/2022\/08\/220826-Ayotzinapa-1-1024x683.jpg?ssl=1&w=75&resize=75&ssl=1 75w, https:\/\/i2.wp.com\/interaccionnoticias.com.mx\/wp-content\/uploads\/2022\/08\/220826-Ayotzinapa-1-1024x683.jpg?ssl=1&w=100&resize=100&ssl=1 100w, https:\/\/i2.wp.com\/interaccionnoticias.com.mx\/wp-content\/uploads\/2022\/08\/220826-Ayotzinapa-1-1024x683.jpg?ssl=1&w=150&resize=150&ssl=1 150w, https:\/\/i2.wp.com\/interaccionnoticias.com.mx\/wp-content\/uploads\/2022\/08\/220826-Ayotzinapa-1-1024x683.jpg?ssl=1&w=240&resize=240&ssl=1 240w, https:\/\/i2.wp.com\/interaccionnoticias.com.mx\/wp-content\/uploads\/2022\/08\/220826-Ayotzinapa-1-1024x683.jpg?ssl=1&w=320&resize=320&ssl=1 320w, https:\/\/i2.wp.com\/interaccionnoticias.com.mx\/wp-content\/uploads\/2022\/08\/220826-Ayotzinapa-1-1024x683.jpg?ssl=1&w=500&resize=500&ssl=1 500w, https:\/\/i2.wp.com\/interaccionnoticias.com.mx\/wp-content\/uploads\/2022\/08\/220826-Ayotzinapa-1-1024x683.jpg?ssl=1&w=640&resize=640&ssl=1 640w, https:\/\/i2.wp.com\/interaccionnoticias.com.mx\/wp-content\/uploads\/2022\/08\/220826-Ayotzinapa-1-1024x683.jpg?ssl=1&w=800&resize=800&ssl=1 800w, https:\/\/i2.wp.com\/interaccionnoticias.com.mx\/wp-content\/uploads\/2022\/08\/220826-Ayotzinapa-1-1024x683.jpg?ssl=1&w=1024&resize=1024&ssl=1 1024w, https:\/\/i2.wp.com\/interaccionnoticias.com.mx\/wp-content\/uploads\/2022\/08\/220826-Ayotzinapa-1-1024x683.jpg?ssl=1&w=1280&resize=1280&ssl=1 1280w, https:\/\/i2.wp.com\/interaccionnoticias.com.mx\/wp-content\/uploads\/2022\/08\/220826-Ayotzinapa-1-1024x683.jpg?ssl=1&w=1600&resize=1600&ssl=1 1600w\" fifu-data-src=\"https:\/\/i2.wp.com\/interaccionnoticias.com.mx\/wp-content\/uploads\/2022\/08\/220826-Ayotzinapa-1-1024x683.jpg?ssl=1\" alt=\"\" data-id=\"49704\" data-full-url=\"https:\/\/interaccionnoticias.com.mx\/wp-content\/uploads\/2022\/08\/220826-Ayotzinapa-1.jpg\" data-link=\"https:\/\/interaccionnoticias.com.mx\/?attachment_id=49704\" class=\"wp-image-49704\"\/><\/figure><\/li><li class=\"blocks-gallery-item\"><figure><img decoding=\"async\" src=\"data:image\/gif;base64,R0lGODlhAQABAIAAAAAAAP\/\/\/ywAAAAAAQABAAACAUwAOw==\" fifu-lazy=\"1\" fifu-data-sizes=\"auto\" fifu-data-srcset=\"https:\/\/i1.wp.com\/interaccionnoticias.com.mx\/wp-content\/uploads\/2022\/08\/220826-Ayotzinapa-1024x683.jpg?ssl=1&w=75&resize=75&ssl=1 75w, https:\/\/i1.wp.com\/interaccionnoticias.com.mx\/wp-content\/uploads\/2022\/08\/220826-Ayotzinapa-1024x683.jpg?ssl=1&w=100&resize=100&ssl=1 100w, https:\/\/i1.wp.com\/interaccionnoticias.com.mx\/wp-content\/uploads\/2022\/08\/220826-Ayotzinapa-1024x683.jpg?ssl=1&w=150&resize=150&ssl=1 150w, https:\/\/i1.wp.com\/interaccionnoticias.com.mx\/wp-content\/uploads\/2022\/08\/220826-Ayotzinapa-1024x683.jpg?ssl=1&w=240&resize=240&ssl=1 240w, https:\/\/i1.wp.com\/interaccionnoticias.com.mx\/wp-content\/uploads\/2022\/08\/220826-Ayotzinapa-1024x683.jpg?ssl=1&w=320&resize=320&ssl=1 320w, https:\/\/i1.wp.com\/interaccionnoticias.com.mx\/wp-content\/uploads\/2022\/08\/220826-Ayotzinapa-1024x683.jpg?ssl=1&w=500&resize=500&ssl=1 500w, https:\/\/i1.wp.com\/interaccionnoticias.com.mx\/wp-content\/uploads\/2022\/08\/220826-Ayotzinapa-1024x683.jpg?ssl=1&w=640&resize=640&ssl=1 640w, https:\/\/i1.wp.com\/interaccionnoticias.com.mx\/wp-content\/uploads\/2022\/08\/220826-Ayotzinapa-1024x683.jpg?ssl=1&w=800&resize=800&ssl=1 800w, https:\/\/i1.wp.com\/interaccionnoticias.com.mx\/wp-content\/uploads\/2022\/08\/220826-Ayotzinapa-1024x683.jpg?ssl=1&w=1024&resize=1024&ssl=1 1024w, https:\/\/i1.wp.com\/interaccionnoticias.com.mx\/wp-content\/uploads\/2022\/08\/220826-Ayotzinapa-1024x683.jpg?ssl=1&w=1280&resize=1280&ssl=1 1280w, https:\/\/i1.wp.com\/interaccionnoticias.com.mx\/wp-content\/uploads\/2022\/08\/220826-Ayotzinapa-1024x683.jpg?ssl=1&w=1600&resize=1600&ssl=1 1600w\" fifu-data-src=\"https:\/\/i1.wp.com\/interaccionnoticias.com.mx\/wp-content\/uploads\/2022\/08\/220826-Ayotzinapa-1024x683.jpg?ssl=1\" alt=\"\" data-id=\"49705\" data-full-url=\"https:\/\/interaccionnoticias.com.mx\/wp-content\/uploads\/2022\/08\/220826-Ayotzinapa.jpg\" data-link=\"https:\/\/interaccionnoticias.com.mx\/?attachment_id=49705\" class=\"wp-image-49705\"\/><\/figure><\/li><\/ul><\/figure>\n","protected":false},"excerpt":{"rendered":"<p>&#8212; Piden a la poblaci\u00f3n no respaldarlos, aseguran que el ex alcalde Jos\u00e9 Luis Abarca no es inocente Rogelio Agust\u00edn Para la Normal Rural de Ayotzinapa y las organizaciones que&hellip; <\/p>\n","protected":false},"author":21,"featured_media":49704,"comment_status":"open","ping_status":"open","sticky":false,"template":"","format":"standard","meta":{"fifu_image_url":"","fifu_image_alt":"","footnotes":""},"categories":[15],"tags":[],"class_list":["post-49702","post","type-post","status-publish","format-standard","has-post-thumbnail","hentry","category-movimientos-sociales"],"_links":{"self":[{"href":"https:\/\/www.interaccionnoticias.com.mx\/index.php?rest_route=\/wp\/v2\/posts\/49702","targetHints":{"allow":["GET"]}}],"collection":[{"href":"https:\/\/www.interaccionnoticias.com.mx\/index.php?rest_route=\/wp\/v2\/posts"}],"about":[{"href":"https:\/\/www.interaccionnoticias.com.mx\/index.php?rest_route=\/wp\/v2\/types\/post"}],"author":[{"embeddable":true,"href":"https:\/\/www.interaccionnoticias.com.mx\/index.php?rest_route=\/wp\/v2\/users\/21"}],"replies":[{"embeddable":true,"href":"https:\/\/www.interaccionnoticias.com.mx\/index.php?rest_route=%2Fwp%2Fv2%2Fcomments&post=49702"}],"version-history":[{"count":1,"href":"https:\/\/www.interaccionnoticias.com.mx\/index.php?rest_route=\/wp\/v2\/posts\/49702\/revisions"}],"predecessor-version":[{"id":49706,"href":"https:\/\/www.interaccionnoticias.com.mx\/index.php?rest_route=\/wp\/v2\/posts\/49702\/revisions\/49706"}],"wp:featuredmedia":[{"embeddable":true,"href":"https:\/\/www.interaccionnoticias.com.mx\/index.php?rest_route=\/wp\/v2\/media\/49704"}],"wp:attachment":[{"href":"https:\/\/www.interaccionnoticias.com.mx\/index.php?rest_route=%2Fwp%2Fv2%2Fmedia&parent=49702"}],"wp:term":[{"taxonomy":"category","embeddable":true,"href":"https:\/\/www.interaccionnoticias.com.mx\/index.php?rest_route=%2Fwp%2Fv2%2Fcategories&post=49702"},{"taxonomy":"post_tag","embeddable":true,"href":"https:\/\/www.interaccionnoticias.com.mx\/index.php?rest_route=%2Fwp%2Fv2%2Ftags&post=49702"}],"curies":[{"name":"wp","href":"https:\/\/api.w.org\/{rel}","templated":true}]}}