{"id":49692,"date":"2022-08-26T11:14:11","date_gmt":"2022-08-26T16:14:11","guid":{"rendered":"https:\/\/interaccionnoticias.com.mx\/?p=49692"},"modified":"2022-08-26T11:14:16","modified_gmt":"2022-08-26T16:14:16","slug":"abarca-y-esposa-convocan-a-marcha-en-iguala-desde-prision","status":"publish","type":"post","link":"https:\/\/www.interaccionnoticias.com.mx\/?p=49692","title":{"rendered":"Abarca y esposa convocan a marcha en Iguala, desde prisi\u00f3n"},"content":{"rendered":"\n<p><strong><em>&#8212; En las redes sociales de su hija Yazareth, \u201cla pareja imperial\u201d asegura que se encuentran en prisi\u00f3n de manera injusta<\/em><\/strong><\/p>\n\n\n\n<p><strong>Rogelio Agust\u00edn<\/strong><\/p>\n\n\n\n<p>Desde prisi\u00f3n, el ex alcalde de Iguala, Jos\u00e9 Luis Abarca Vel\u00e1zquez y su esposa, Mar\u00eda de los \u00c1ngeles Pineda Villa convocan a una movilizaci\u00f3n programada para el pr\u00f3ximo domingo 28 de agosto en Iguala de la Independencia, en ella, familiares y amigos denunciar\u00e1n que llevan casi ocho a\u00f1os \u201cpresos injustamente\u201d.<\/p>\n\n\n\n<p>En las redes sociales de Yazareth Abarca, hijo de quienes fueron conocidos como \u201cLa pareja imperial\u201d, se difunden peque\u00f1os videos con la voz del ex primer edil de iguala y su esposa.<\/p>\n\n\n\n<p>\u201cLlevo ocho a\u00f1os privado de mi libertad por una falsa acusaci\u00f3n\u201d, dice de manera escueta Jos\u00e9 Luis, para luego invitar a la poblaci\u00f3n a participar en una marcha convocada por familiares y amigos, el domingo 28 de agosto a partir de las 17 horas.<\/p>\n\n\n\n<p>El punto de salida ser\u00e1 la calle \u00c1lvaro Obreg\u00f3n esquina con Reforma, el mensaje cierra con un agradecimiento anticipado del ex presidente municipal de filiaci\u00f3n perredista.<\/p>\n\n\n\n<p>En otro formato similar, Yazareth coloc\u00f3 otro mensaje de su madre, quien permanece recluida en el estado de Morelos: \u201cTe hablo con la mano en el coraz\u00f3n y espero tener la oportunidad de contarles nuestra verdad\u201d, se\u00f1ala quien fuera presidenta del DIF de Iguala.<\/p>\n\n\n\n<p>Lo que podr\u00eda contar, de acuerdo con Pineda Villa, es \u201cuna vida de trabajo digno\u201d, para lo que se requiere el apoyo de la sociedad.<\/p>\n\n\n\n<p>\u201cPara que nuestra verdad sea escuchada, este domingo te esperamos a partir de las cinco de la tarde, con coraz\u00f3n y alma, estar\u00e1s en compa\u00f1\u00eda de mis familiares\u201d, cierra la invitaci\u00f3n.<\/p>\n\n\n\n<p>Jos\u00e9 Luis Abarca era presidente municipal de Iguala cuando se generaron los ataques en contra de los estudiantes de Ayotzinapa, por parte de sicarios de Guerreros Unidos (GU) respaldados por polic\u00edas peventivos de los municipios de Cocula, Huitzuco, Tepecoqacuilco y la ciudad tamarindera.<\/p>\n\n\n\n<p>Ese 26 de septiembre de 2014, la se\u00f1ora Pineda Villa hab\u00eda presentado su informe de actividades como presidenta del DIF, lo que para muchos representaba el destape de su aspiraci\u00f3n de ser candidata a la presidencia municipal de Iguala por el PRD.<\/p>\n\n\n\n<p>Ambos permanecen en prisi\u00f3n por supuestos nexos con la delincuencia organizada.<\/p>\n\n\n\n<p>El ex presidente municipal es acusado del asesinato cometido en contra de Arturo Hern\u00e1ndez Cardona, l\u00edder de la Unidad Popular (UP).<br><\/p>\n","protected":false},"excerpt":{"rendered":"<p>&#8212; En las redes sociales de su hija Yazareth, \u201cla pareja imperial\u201d asegura que se encuentran en prisi\u00f3n de manera injusta Rogelio Agust\u00edn Desde prisi\u00f3n, el ex alcalde de Iguala,&hellip; <\/p>\n","protected":false},"author":21,"featured_media":49693,"comment_status":"open","ping_status":"open","sticky":false,"template":"","format":"standard","meta":{"fifu_image_url":"","fifu_image_alt":"","footnotes":""},"categories":[29],"tags":[],"class_list":["post-49692","post","type-post","status-publish","format-standard","has-post-thumbnail","hentry","category-sociedad"],"_links":{"self":[{"href":"https:\/\/www.interaccionnoticias.com.mx\/index.php?rest_route=\/wp\/v2\/posts\/49692","targetHints":{"allow":["GET"]}}],"collection":[{"href":"https:\/\/www.interaccionnoticias.com.mx\/index.php?rest_route=\/wp\/v2\/posts"}],"about":[{"href":"https:\/\/www.interaccionnoticias.com.mx\/index.php?rest_route=\/wp\/v2\/types\/post"}],"author":[{"embeddable":true,"href":"https:\/\/www.interaccionnoticias.com.mx\/index.php?rest_route=\/wp\/v2\/users\/21"}],"replies":[{"embeddable":true,"href":"https:\/\/www.interaccionnoticias.com.mx\/index.php?rest_route=%2Fwp%2Fv2%2Fcomments&post=49692"}],"version-history":[{"count":1,"href":"https:\/\/www.interaccionnoticias.com.mx\/index.php?rest_route=\/wp\/v2\/posts\/49692\/revisions"}],"predecessor-version":[{"id":49694,"href":"https:\/\/www.interaccionnoticias.com.mx\/index.php?rest_route=\/wp\/v2\/posts\/49692\/revisions\/49694"}],"wp:featuredmedia":[{"embeddable":true,"href":"https:\/\/www.interaccionnoticias.com.mx\/index.php?rest_route=\/wp\/v2\/media\/49693"}],"wp:attachment":[{"href":"https:\/\/www.interaccionnoticias.com.mx\/index.php?rest_route=%2Fwp%2Fv2%2Fmedia&parent=49692"}],"wp:term":[{"taxonomy":"category","embeddable":true,"href":"https:\/\/www.interaccionnoticias.com.mx\/index.php?rest_route=%2Fwp%2Fv2%2Fcategories&post=49692"},{"taxonomy":"post_tag","embeddable":true,"href":"https:\/\/www.interaccionnoticias.com.mx\/index.php?rest_route=%2Fwp%2Fv2%2Ftags&post=49692"}],"curies":[{"name":"wp","href":"https:\/\/api.w.org\/{rel}","templated":true}]}}