{"id":49686,"date":"2022-08-25T20:51:35","date_gmt":"2022-08-26T01:51:35","guid":{"rendered":"https:\/\/interaccionnoticias.com.mx\/?p=49686"},"modified":"2022-08-25T20:51:39","modified_gmt":"2022-08-26T01:51:39","slug":"planteamientos-de-guerrerenses-seran-incluidos-en-la-reforma-de-estatutos-del-pan","status":"publish","type":"post","link":"https:\/\/www.interaccionnoticias.com.mx\/?p=49686","title":{"rendered":"Planteamientos de Guerrerenses ser\u00e1n incluidos en la Reforma de Estatutos del PAN"},"content":{"rendered":"\n<p><strong>Rosario Garc\u00eda Orozco<\/strong><\/p>\n\n\n\n<p>Chilpancingo, Gro., 25 de agosto del 2022.- Integrantes del Comit\u00e9 Ejecutivo Nacional del Partido Acci\u00f3n Nacional (PAN) recorren el pa\u00eds para recabar opiniones de la sociedad civil en torno a la Reforma de Estatutos de ese partido, e informaron que varias iniciativas de Guerrerenses ser\u00e1n incluidas.<\/p>\n\n\n\n<p>Uno de los representantes del CEN del blanquiazul, Julio Castillo L\u00f3pez, inform\u00f3 que se reunieron con integrantes de la sociedad civil de Guerrero, donde se escucharon propuestas sobre los j\u00f3venes, promoci\u00f3n cultural, y tambi\u00e9n hubo quienes se lamentaron por programas sociales actuales del gobierno federal que no han funcionado, sobre todo porque han dejado abandonado al campo.<\/p>\n\n\n\n<p>En conferencia de prensa, explic\u00f3 que habr\u00e1 modificaciones importantes a los estatutos de ese partido, pero en lo que no habr\u00e1 cambios ser\u00e1 en temas como \u00abel derecho a la vida, que es tema doctrinal del partido, nuestros principios est\u00e1n intactos, somos el partido de la vida, de la dignidad, un partido de valores y vamos a seguir defendiendo la vida en todos los Congresos de los estados\u00bb, advirti\u00f3.<\/p>\n\n\n\n<p>Coment\u00f3 que hasta este momento han recorrido 24 estados de donde han recogido propuestas sobre educaci\u00f3n financiera, salud mental, reactivaci\u00f3n del campo, la desaparici\u00f3n de personas, \u00aby estamos decididos a atender todos los problemas y atacar sus causas y no s\u00f3lo las m\u00e1s pop, o que den m\u00e1s votos como lo hacen actualmente los gobiernos morenistas\u00bb.<\/p>\n\n\n\n<p>ES MUY POSIBLE QUE CONTIN\u00daEN EN ALIANZA CON EL PRI Y EL PRD PARA ATENDER AGENDA LEGISLATIVA<\/p>\n\n\n\n<p>Julio Castillo mencion\u00f3 que es muy posible que se contin\u00fae con la alianza que mantienen a nivel nacional con el PRI y el PRD, porque, asegur\u00f3, esa alianza les permiti\u00f3 frenar la reforma energ\u00e9tica, propuesta por el presidente Andr\u00e9s Manuel L\u00f3pez Obrador, \u00abpero sigue la reforma electoral y la de la militarizaci\u00f3n del pa\u00eds, que tambi\u00e9n son propuestas presidenciales que afectar\u00e1n a los mexicanos de ser aprobadas\u00bb.<\/p>\n\n\n\n<p>Tambi\u00e9n lament\u00f3 que el gobierno federal no tenga apertura con ninguna expresi\u00f3n distinta a la de Morena, \u00abno nos atienden como partido, nos dejaron plantados, ya hab\u00eda un acuerdo desde la Secretar\u00eda de Gobernaci\u00f3n, se acord\u00f3 la instalaci\u00f3n de 7 mesas de trabajo y las pospusieron tantas veces, que finalmente se cancel\u00f3 la posibilidad de llegar a alg\u00fan encuentro\u00bb.<\/p>\n","protected":false},"excerpt":{"rendered":"<p>Rosario Garc\u00eda Orozco Chilpancingo, Gro., 25 de agosto del 2022.- Integrantes del Comit\u00e9 Ejecutivo Nacional del Partido Acci\u00f3n Nacional (PAN) recorren el pa\u00eds para recabar opiniones de la sociedad civil&hellip; <\/p>\n","protected":false},"author":14,"featured_media":49687,"comment_status":"open","ping_status":"open","sticky":false,"template":"","format":"standard","meta":{"fifu_image_url":"","fifu_image_alt":"","footnotes":""},"categories":[18],"tags":[],"class_list":["post-49686","post","type-post","status-publish","format-standard","has-post-thumbnail","hentry","category-partidos-politicos"],"_links":{"self":[{"href":"https:\/\/www.interaccionnoticias.com.mx\/index.php?rest_route=\/wp\/v2\/posts\/49686","targetHints":{"allow":["GET"]}}],"collection":[{"href":"https:\/\/www.interaccionnoticias.com.mx\/index.php?rest_route=\/wp\/v2\/posts"}],"about":[{"href":"https:\/\/www.interaccionnoticias.com.mx\/index.php?rest_route=\/wp\/v2\/types\/post"}],"author":[{"embeddable":true,"href":"https:\/\/www.interaccionnoticias.com.mx\/index.php?rest_route=\/wp\/v2\/users\/14"}],"replies":[{"embeddable":true,"href":"https:\/\/www.interaccionnoticias.com.mx\/index.php?rest_route=%2Fwp%2Fv2%2Fcomments&post=49686"}],"version-history":[{"count":1,"href":"https:\/\/www.interaccionnoticias.com.mx\/index.php?rest_route=\/wp\/v2\/posts\/49686\/revisions"}],"predecessor-version":[{"id":49688,"href":"https:\/\/www.interaccionnoticias.com.mx\/index.php?rest_route=\/wp\/v2\/posts\/49686\/revisions\/49688"}],"wp:featuredmedia":[{"embeddable":true,"href":"https:\/\/www.interaccionnoticias.com.mx\/index.php?rest_route=\/wp\/v2\/media\/49687"}],"wp:attachment":[{"href":"https:\/\/www.interaccionnoticias.com.mx\/index.php?rest_route=%2Fwp%2Fv2%2Fmedia&parent=49686"}],"wp:term":[{"taxonomy":"category","embeddable":true,"href":"https:\/\/www.interaccionnoticias.com.mx\/index.php?rest_route=%2Fwp%2Fv2%2Fcategories&post=49686"},{"taxonomy":"post_tag","embeddable":true,"href":"https:\/\/www.interaccionnoticias.com.mx\/index.php?rest_route=%2Fwp%2Fv2%2Ftags&post=49686"}],"curies":[{"name":"wp","href":"https:\/\/api.w.org\/{rel}","templated":true}]}}