{"id":49683,"date":"2022-08-25T18:04:21","date_gmt":"2022-08-25T23:04:21","guid":{"rendered":"https:\/\/interaccionnoticias.com.mx\/?p=49683"},"modified":"2022-08-25T18:04:26","modified_gmt":"2022-08-25T23:04:26","slug":"piden-que-ex-presidenta-del-poder-judicial-de-guerrero-explique-quien-ordeno-destruir-los-videos-del-palacio-de-justicia-de-iguala","status":"publish","type":"post","link":"https:\/\/www.interaccionnoticias.com.mx\/?p=49683","title":{"rendered":"Piden que ex presidenta del Poder Judicial de Guerrero explique qui\u00e9n orden\u00f3 destruir los videos del palacio de Justicia de Iguala"},"content":{"rendered":"\n<p><strong><em>&#8212; Hasta el momento, la magistrada en retiro, Lambertina Galeana Mar\u00edn no ha dicho si la decisi\u00f3n fue personal o del pleno del TSJ<br>&#8212; Incluso, debe decir si hubo una orden externa del Poder Judicial, se\u00f1ala el ex diputado federal, Rub\u00e9n Cayetano Garc\u00eda<\/em><\/strong><\/p>\n\n\n\n<p><strong>Rogelio Agust\u00edn<\/strong><\/p>\n\n\n\n<p>El ex dputado federal por Morena, Rub\u00e9n Cayetano Garc\u00eda sostuvo que la ex presidenta del Tribunal Superior de Justicia (TSJ), Lambertina Galeana Mar\u00edn debe declarar si ella decidi\u00f3 personalmente la destrucci\u00f3n de los videos captados en el Palacio de Justicia de Iguala, la noche del 26 de septiembre de 2014, o si alguien m\u00e1s se lo \u00f3rdeno y bajo qu\u00e9 argumentos.<\/p>\n\n\n\n<p>De acuerdo con la informaci\u00f3n dada a conocer por la Comisi\u00f3n para la Verdad y la Justicia, las seis c\u00e1maras que tiene el Palacio de Justicia de Iguala, grabaron el momento en que un autob\u00fas con por lo menos 14 estudiantes a bordo fue interceptado por elementos de la Polic\u00eda Preventiva de Huitzuco, quienes se los habr\u00edan llevado para presentarlos ante un l\u00edder criminal al que se menciona como \u201cEl Patr\u00f3n\u201d.<\/p>\n\n\n\n<p>Sin embargo, dichos videos fueron destruidos y pese al reclamo de los padres agraviados, nunca se les pudo recuperar para conocer el contenido de las im\u00e1genes.<\/p>\n\n\n\n<p>En su momento, la ex presidenta del Poder Judicial de Guerrero confirm\u00f3 que los videos captados por las c\u00e1maras del Palacio de Justicia de Iguala, ubicado sobre la salida hacia Chilpancingo fueron destruidas.<br>La hoy magistrada en retiro, dijo en su momento, que eran solo im\u00e1genes borrosas que no ten\u00edan utilidad.<\/p>\n\n\n\n<p>Los padres aglurinados en el colectivo \u201cNos Faltan 43\u201d, han acudido varias oasiones ante los magistrados que han estado al frente del TSJ para solicitar dichos materiales, en su momento dialogaron con el ex presidente Robespierre Robles Hurtado, quien les entreg\u00f3 varios paquetes de informaci\u00f3n, pero nada que tuviera que ver con las im\u00e1genes reclamadas.<\/p>\n\n\n\n<p>El abogado Cayetano Garc\u00eda, sostiene que la ex presidenta Galeana Mar\u00edn asumi\u00f3 de manera personal la destrucci\u00f3n de los videos captados en el Palacio de Justicia de Iguala.<\/p>\n\n\n\n<p>La situaci\u00f3n, de acuerdo con el ex diputado federal, no puede quedar ah\u00ed.<\/p>\n\n\n\n<p>\u201cElla debe decir si fue una decisi\u00f3n personal, o fue el Pleno del Tribunal Superior de Justicia el que lo acord\u00f3, que diga qui\u00e9n se lo orden\u00f3, eso se debe saber para deslindar responsabilidades\u201d, insisti\u00f3.<\/p>\n\n\n\n<p>Incluso, si la indicaci\u00f3n de desaparecer esos videos lleg\u00f3 de fuera del Poder Judicial, se debe tener la certeza de quien fue, porque hasta el momento \u201deso no se ha dicho\u201d.<\/p>\n\n\n\n<p>Lo que pas\u00f3 con esos videos, de acuerdo con Rub\u00e9n Cayetano es muy grave, porque se trata de informaci\u00f3n fundamental para saber qu\u00e9 fue lo que pas\u00f3 con al menos 14 de los 43 estudiantes desaparecidos, por lo que se tiene que manejar con claridad el tipo de responsabilidad en la que se incurri\u00f3.<br><\/p>\n","protected":false},"excerpt":{"rendered":"<p>&#8212; Hasta el momento, la magistrada en retiro, Lambertina Galeana Mar\u00edn no ha dicho si la decisi\u00f3n fue personal o del pleno del TSJ&#8212; Incluso, debe decir si hubo una&hellip; <\/p>\n","protected":false},"author":21,"featured_media":49684,"comment_status":"open","ping_status":"open","sticky":false,"template":"","format":"standard","meta":{"fifu_image_url":"","fifu_image_alt":"","footnotes":""},"categories":[21],"tags":[],"class_list":["post-49683","post","type-post","status-publish","format-standard","has-post-thumbnail","hentry","category-politica"],"_links":{"self":[{"href":"https:\/\/www.interaccionnoticias.com.mx\/index.php?rest_route=\/wp\/v2\/posts\/49683","targetHints":{"allow":["GET"]}}],"collection":[{"href":"https:\/\/www.interaccionnoticias.com.mx\/index.php?rest_route=\/wp\/v2\/posts"}],"about":[{"href":"https:\/\/www.interaccionnoticias.com.mx\/index.php?rest_route=\/wp\/v2\/types\/post"}],"author":[{"embeddable":true,"href":"https:\/\/www.interaccionnoticias.com.mx\/index.php?rest_route=\/wp\/v2\/users\/21"}],"replies":[{"embeddable":true,"href":"https:\/\/www.interaccionnoticias.com.mx\/index.php?rest_route=%2Fwp%2Fv2%2Fcomments&post=49683"}],"version-history":[{"count":1,"href":"https:\/\/www.interaccionnoticias.com.mx\/index.php?rest_route=\/wp\/v2\/posts\/49683\/revisions"}],"predecessor-version":[{"id":49685,"href":"https:\/\/www.interaccionnoticias.com.mx\/index.php?rest_route=\/wp\/v2\/posts\/49683\/revisions\/49685"}],"wp:featuredmedia":[{"embeddable":true,"href":"https:\/\/www.interaccionnoticias.com.mx\/index.php?rest_route=\/wp\/v2\/media\/49684"}],"wp:attachment":[{"href":"https:\/\/www.interaccionnoticias.com.mx\/index.php?rest_route=%2Fwp%2Fv2%2Fmedia&parent=49683"}],"wp:term":[{"taxonomy":"category","embeddable":true,"href":"https:\/\/www.interaccionnoticias.com.mx\/index.php?rest_route=%2Fwp%2Fv2%2Fcategories&post=49683"},{"taxonomy":"post_tag","embeddable":true,"href":"https:\/\/www.interaccionnoticias.com.mx\/index.php?rest_route=%2Fwp%2Fv2%2Ftags&post=49683"}],"curies":[{"name":"wp","href":"https:\/\/api.w.org\/{rel}","templated":true}]}}