{"id":4943,"date":"2017-06-02T20:15:31","date_gmt":"2017-06-03T01:15:31","guid":{"rendered":"http:\/\/www.inter-accion.com.mx\/?p=4943"},"modified":"2017-06-02T20:15:31","modified_gmt":"2017-06-03T01:15:31","slug":"policias-despedidos-actuaron-de-manera-unilateral-senala-legislador","status":"publish","type":"post","link":"https:\/\/www.interaccionnoticias.com.mx\/?p=4943","title":{"rendered":"Polic\u00edas despedidos actuaron de manera &quot;unilateral&quot;, se\u00f1ala legislador"},"content":{"rendered":"<p>El presidente de la Comisi\u00f3n de Seguridad P\u00fablica del Congreso del Estado, Ricardo Mej\u00eda Berdeja precis\u00f3 que los 176 elementos que fueron dados de baja de la Polic\u00eda Estatal, actuaron de manera \u00abunilateral\u00bb al declararse en paro para exigir mejoras de trabajo.<br \/>\n\u00abLos cuerpos de seguridad debieron tener disciplina y cierta regulaci\u00f3n porque es la funci\u00f3n m\u00e1s delicada en una sociedad, el tema de seguridad p\u00fablica\u00bb, precis\u00f3 el legislador.<br \/>\nEl mi\u00e9rcoles, el gobernador H\u00e9ctor Astudillo dijo que no eran v\u00e1lidas las exigencias laborales de los elementos polic\u00edacos, porque a nivel nacional la polic\u00eda de Guerrero es una de las mejores pagadas.<br \/>\nMej\u00eda Berdeja insisti\u00f3 que si ten\u00edan demandas s\u00f3lidas y fundamentadas, debieron pedir la intervenci\u00f3n de la Comisi\u00f3n de Derechos Humanos del Estado de Guerrero (CDHEG) o del Congreso del Estado y no parar labores por tiempo prolongado.<br \/>\nAl ser cuestionado sobre el futuro de algunas mujeres que dijeron ser madres solteras y que tambi\u00e9n fueron despedidas, insisti\u00f3 que m\u00e1s que un tema de g\u00e9nero, se trat\u00f3 de un caso de disciplina.<br \/>\n\u00abYo insisto, debieron haber ellos agotado&#8230; tener alguna manifestaci\u00f3n de inconformidad pero no irse a un paro, sobre todo porque tambi\u00e9n tiene que haber disciplina en la corporaci\u00f3n\u00bb recalc\u00f3.&nbsp;<br \/>\nLa inactividad de los elementos, deriv\u00f3 en la baja definitiva de 176 elementos, seg\u00fan cifras del vocero de seguridad, Roberto \u00c1lvarez Heredia, los cuales iniciaron el jueves un procedimiento conciliatorio con la Secretar\u00eda de Seguridad P\u00fablica, despu\u00e9s de haber permanecido inactivos por m\u00e1s de 24 horas.<br \/>\nLos despedidos, se reunieron con autoridades estatales y acordaron iniciar un proceso individual el cual ser\u00e1 definido en relaci\u00f3n a la aceptaci\u00f3n de la baja definitiva, o al pedir su reintegraci\u00f3n, adem\u00e1s que otro grupo deber\u00e1 aclarar si particip\u00f3 o no en el movimiento parista.<br \/>\nLos acuerdos se realizaron durante una reuni\u00f3n que sostuvo una comisi\u00f3n del personal despedido, con el subsecretario de administraci\u00f3n Tulio Samuel P\u00e9rez Calvo y el director general de administraci\u00f3n y desarrollo de personal, Jaime Ram\u00edrez Sol\u00eds.<\/p>\n","protected":false},"excerpt":{"rendered":"<p>El presidente de la Comisi\u00f3n de Seguridad P\u00fablica del Congreso del Estado, Ricardo Mej\u00eda Berdeja precis\u00f3 que los 176 elementos que fueron dados de baja de la Polic\u00eda Estatal, actuaron&hellip; <\/p>\n","protected":false},"author":1,"featured_media":0,"comment_status":"closed","ping_status":"closed","sticky":false,"template":"","format":"standard","meta":{"fifu_image_url":"","fifu_image_alt":"","footnotes":""},"categories":[2,8],"tags":[],"class_list":["post-4943","post","type-post","status-publish","format-standard","hentry","category-congreso","category-featured"],"_links":{"self":[{"href":"https:\/\/www.interaccionnoticias.com.mx\/index.php?rest_route=\/wp\/v2\/posts\/4943","targetHints":{"allow":["GET"]}}],"collection":[{"href":"https:\/\/www.interaccionnoticias.com.mx\/index.php?rest_route=\/wp\/v2\/posts"}],"about":[{"href":"https:\/\/www.interaccionnoticias.com.mx\/index.php?rest_route=\/wp\/v2\/types\/post"}],"author":[{"embeddable":true,"href":"https:\/\/www.interaccionnoticias.com.mx\/index.php?rest_route=\/wp\/v2\/users\/1"}],"replies":[{"embeddable":true,"href":"https:\/\/www.interaccionnoticias.com.mx\/index.php?rest_route=%2Fwp%2Fv2%2Fcomments&post=4943"}],"version-history":[{"count":0,"href":"https:\/\/www.interaccionnoticias.com.mx\/index.php?rest_route=\/wp\/v2\/posts\/4943\/revisions"}],"wp:attachment":[{"href":"https:\/\/www.interaccionnoticias.com.mx\/index.php?rest_route=%2Fwp%2Fv2%2Fmedia&parent=4943"}],"wp:term":[{"taxonomy":"category","embeddable":true,"href":"https:\/\/www.interaccionnoticias.com.mx\/index.php?rest_route=%2Fwp%2Fv2%2Fcategories&post=4943"},{"taxonomy":"post_tag","embeddable":true,"href":"https:\/\/www.interaccionnoticias.com.mx\/index.php?rest_route=%2Fwp%2Fv2%2Ftags&post=4943"}],"curies":[{"name":"wp","href":"https:\/\/api.w.org\/{rel}","templated":true}]}}