{"id":4936,"date":"2017-06-02T19:41:09","date_gmt":"2017-06-03T00:41:09","guid":{"rendered":"http:\/\/www.inter-accion.com.mx\/?p=4936"},"modified":"2017-06-02T19:41:09","modified_gmt":"2017-06-03T00:41:09","slug":"en-chilpancingo-matan-a-una-mujer-y-un-adolescente","status":"publish","type":"post","link":"https:\/\/www.interaccionnoticias.com.mx\/?p=4936","title":{"rendered":"En Chilpancingo, matan a una mujer y un adolescente"},"content":{"rendered":"<p>Una mujer de aproximados 30 a\u00f1os de edad fue asesinada a balazos en la calle Petatal\u00e1n de la colonia San Rafael Norte, en tanto que en \u201cEl amate\u201d, desconocidos ejecutaron a un adolescente frente a la Secundaria T\u00e9cnica n\u00famero 185 &nbsp;<br \/>\nEl primer hallazgo se registr\u00f3 despu\u00e9s de las 06:30 horas del viernes, cuando vecinos de dicho asentamiento humano reportaron detonaciones de arma de fuego.<br \/>\nElementos de diferentes corporaciones polic\u00edacas se trasladaron a dicho lugar, ubicado cerca de la aeropista de la ciudad, en donde hacen agentes de la PF.<br \/>\nEncontraron el cuerpo de una mujer sin vida, boca abajo, con cuatro impactos de bala en diferentes partes del cuerpo.<br \/>\nLa v\u00edctima vest\u00eda pantal\u00f3n color crema y estaba descalza, al momento de las diligencias no se encontraron documentos que permitieran su identificaci\u00f3n.<br \/>\nLa semana pasada, en la capital de Guerrero se registraron tres asesinatos en contra de mujeres; dos de ellas fueron estranguladas y una fue atacada sexualmente antes de morir.<br \/>\nEl alcalde Marco Antonio Leyva Mena consider\u00f3 importante documentar los casos que se han registrado hasta el momento, con la intenci\u00f3n de solicitar a la Fiscal\u00eda General del Estado (FGE) que haga una revisi\u00f3n respecto a si hay los elementos para encuadrar el delito de feminicidio.<br \/>\nPara las 14:40 horas, en la calle principal de la colonia el Amate, justo al lado de la secundaria n\u00famero 185, desconocidos atacaron a un adolescente de aproximados 17 a\u00f1os, al que asestaron varios balazos en la cabeza.<br \/>\nEl joven muri\u00f3 al instante, los agresores se retiraron sin que los interceptara ninguna corporaci\u00f3n policiaca.<br \/>\nLas colonias San Rafael Norte y El Amate se encuentran una enseguida de la otra, en la parte norte de la ciudad.<br \/>\nEn ninguno de los ataques se registraron detenciones.<\/p>\n","protected":false},"excerpt":{"rendered":"<p>Una mujer de aproximados 30 a\u00f1os de edad fue asesinada a balazos en la calle Petatal\u00e1n de la colonia San Rafael Norte, en tanto que en \u201cEl amate\u201d, desconocidos ejecutaron&hellip; <\/p>\n","protected":false},"author":1,"featured_media":0,"comment_status":"closed","ping_status":"closed","sticky":false,"template":"","format":"standard","meta":{"fifu_image_url":"","fifu_image_alt":"","footnotes":""},"categories":[8,27],"tags":[],"class_list":["post-4936","post","type-post","status-publish","format-standard","hentry","category-featured","category-seguridad-publica"],"_links":{"self":[{"href":"https:\/\/www.interaccionnoticias.com.mx\/index.php?rest_route=\/wp\/v2\/posts\/4936","targetHints":{"allow":["GET"]}}],"collection":[{"href":"https:\/\/www.interaccionnoticias.com.mx\/index.php?rest_route=\/wp\/v2\/posts"}],"about":[{"href":"https:\/\/www.interaccionnoticias.com.mx\/index.php?rest_route=\/wp\/v2\/types\/post"}],"author":[{"embeddable":true,"href":"https:\/\/www.interaccionnoticias.com.mx\/index.php?rest_route=\/wp\/v2\/users\/1"}],"replies":[{"embeddable":true,"href":"https:\/\/www.interaccionnoticias.com.mx\/index.php?rest_route=%2Fwp%2Fv2%2Fcomments&post=4936"}],"version-history":[{"count":0,"href":"https:\/\/www.interaccionnoticias.com.mx\/index.php?rest_route=\/wp\/v2\/posts\/4936\/revisions"}],"wp:attachment":[{"href":"https:\/\/www.interaccionnoticias.com.mx\/index.php?rest_route=%2Fwp%2Fv2%2Fmedia&parent=4936"}],"wp:term":[{"taxonomy":"category","embeddable":true,"href":"https:\/\/www.interaccionnoticias.com.mx\/index.php?rest_route=%2Fwp%2Fv2%2Fcategories&post=4936"},{"taxonomy":"post_tag","embeddable":true,"href":"https:\/\/www.interaccionnoticias.com.mx\/index.php?rest_route=%2Fwp%2Fv2%2Ftags&post=4936"}],"curies":[{"name":"wp","href":"https:\/\/api.w.org\/{rel}","templated":true}]}}